{"id":110785,"date":"2022-09-20T18:07:24","date_gmt":"2022-09-20T21:07:24","guid":{"rendered":"https:\/\/eldiariodesanpedro.com.ar\/sitio\/?p=110785"},"modified":"2022-09-20T18:16:14","modified_gmt":"2022-09-20T21:16:14","slug":"presentacion-de-programas-a-pequenos-productores-comerciantes-y-emprendedores","status":"publish","type":"post","link":"https:\/\/eldiariodesanpedro.com.ar\/sitio\/presentacion-de-programas-a-pequenos-productores-comerciantes-y-emprendedores\/","title":{"rendered":"Presentaci\u00f3n de programas a peque\u00f1os productores, comerciantes y emprendedores"},"content":{"rendered":"<!-- VideographyWP Plugin Message: Automatic video embedding prevented by plugin options. -->\n\n<p>Se presentaron este lunes, a trav\u00e9s de una conferencia de prensa llevada a cabo en la Secretar\u00eda de Desarrollo Econ\u00f3mico, diferentes programas apuntados a la reactivaci\u00f3n de la econom\u00eda local que entran en vigencia a partir del d\u00eda de ayer.<\/p>\n\n\n\n<iframe data-src=\"https:\/\/www.facebook.com\/plugins\/video.php?height=314&#038;href=https%3A%2F%2Fwww.facebook.com%2Fdiariosp2%2Fvideos%2F556296152852869%2F&#038;show_text=false&#038;width=560&#038;t=0\" width=\"560\" height=\"314\" style=\"border:none;overflow:hidden\" scrolling=\"no\" frameborder=\"0\" allowfullscreen=\"true\" allow=\"autoplay; clipboard-write; encrypted-media; picture-in-picture; web-share\" allowFullScreen=\"true\" src=\"data:image\/svg+xml;base64,PHN2ZyB3aWR0aD0iMSIgaGVpZ2h0PSIxIiB4bWxucz0iaHR0cDovL3d3dy53My5vcmcvMjAwMC9zdmciPjwvc3ZnPg==\" class=\"lazyload\" data-load-mode=\"1\"><\/iframe>\n\n\n\n<p>Ciclo de Talleres para Emprendedores: Con el objetivo de acompa\u00f1ar este sector se implementar\u00e1 un ciclo de talleres apuntados a la capacitaci\u00f3n de los emprendedores respecto de las diferentes l\u00edneas de financiamiento que se ofrecen desde los Ministerios, la formalizaci\u00f3n de sus emprendimientos, comercializaci\u00f3n digital, nuevas alternativas de comercializaci\u00f3n. En los pr\u00f3ximos d\u00edas se informar\u00e1 por las redes sociales los pasos a seguir para la inscripci\u00f3n en el programa, las fechas de los talleres y el armado de los mismos.<\/p>\n\n\n\n<p>Programa de Abastecimiento de Insumos para el Sector Agropecuario: Dirigida a los peque\u00f1os productores agropecuarios que hayan tenido que enfrentar problem\u00e1ticas con las inclemencias del tiempo se implementa este programa para la adquisici\u00f3n de insumos que se destinar\u00e1n a aquellos productores que se encuentren inscriptos hasta la categor\u00eda F del Monotributo, quienes deber\u00e1n acercarse a partir de la fecha a la Secretar\u00eda de Desarrollo Econ\u00f3mico ubicada en Mitre 275, para inscribirse, plantear el inconveniente acontecido y el insumo solicitado. El cual deber\u00e1 ser devuelto en un plazo de 365 d\u00edas desde que fue entregado para generar un fondo rotativo que genere una asistencia permanente a los peque\u00f1os productores.<\/p>\n\n\n\n<p>Programa de Apoyo a la Reactivaci\u00f3n de los Peque\u00f1os Comercios: Con el objetivo de afianzar la recuperaci\u00f3n econ\u00f3mica de los peque\u00f1os comercios se destinar\u00e1n 6 millones de pesos para financiar a 20 comercios con hasta 300 mil pesos para la compra de insumos, maquinas, herramientas o remodelaciones (sin mano de obra). Para solicitar este aporte los comerciantes que est\u00e9n inscriptos hasta la categor\u00eda F del Monotributo y tengan las tasas municipales al d\u00eda, deber\u00e1n completar una planilla de inscripci\u00f3n en la Secretar\u00eda de Desarrollo Econ\u00f3mico hasta el viernes 30 de septiembre y presentar el proyecto solicitando la incorporaci\u00f3n al programa. Al finalizar las inscripciones se analizar\u00e1n los proyectos presentados y en el caso de superar los 20 comercios se determinar\u00e1 a trav\u00e9s de un sorteo con escribano p\u00fablico los beneficiados con el aporte no reembolsable de 300 mil pesos.<\/p>\n","protected":false},"excerpt":{"rendered":"<p>Se presentaron este lunes, a trav\u00e9s de una conferencia de prensa llevada a cabo en la Secretar\u00eda de Desarrollo Econ\u00f3mico, diferentes programas apuntados a la reactivaci\u00f3n de la econom\u00eda local que entran en vigencia a partir del d\u00eda de ayer. Ciclo de Talleres para Emprendedores: Con el objetivo de acompa\u00f1ar este sector se implementar\u00e1 un [&hellip;]<\/p>\n","protected":false},"author":4,"featured_media":110786,"comment_status":"closed","ping_status":"closed","sticky":false,"template":"","format":"standard","meta":{"om_disable_all_campaigns":false,"_jetpack_memberships_contains_paid_content":false,"footnotes":""},"categories":[50,101,2],"tags":[197,696,33,19],"class_list":["post-110785","post","type-post","status-publish","format-standard","has-post-thumbnail","hentry","category-destacadas","category-interes-general-locales","category-locales","tag-buenos-aires","tag-interes-general","tag-locales","tag-san-pedro"],"aioseo_notices":[],"gutentor_comment":0,"jetpack_featured_media_url":"https:\/\/eldiariodesanpedro.com.ar\/sitio\/wp-content\/uploads\/2022\/09\/WhatsApp-Image-2022-09-19-at-13.23.12.jpeg","jetpack_shortlink":"https:\/\/wp.me\/p6RhLt-sOR","jetpack_sharing_enabled":true,"_links":{"self":[{"href":"https:\/\/eldiariodesanpedro.com.ar\/sitio\/wp-json\/wp\/v2\/posts\/110785","targetHints":{"allow":["GET"]}}],"collection":[{"href":"https:\/\/eldiariodesanpedro.com.ar\/sitio\/wp-json\/wp\/v2\/posts"}],"about":[{"href":"https:\/\/eldiariodesanpedro.com.ar\/sitio\/wp-json\/wp\/v2\/types\/post"}],"author":[{"embeddable":true,"href":"https:\/\/eldiariodesanpedro.com.ar\/sitio\/wp-json\/wp\/v2\/users\/4"}],"replies":[{"embeddable":true,"href":"https:\/\/eldiariodesanpedro.com.ar\/sitio\/wp-json\/wp\/v2\/comments?post=110785"}],"version-history":[{"count":2,"href":"https:\/\/eldiariodesanpedro.com.ar\/sitio\/wp-json\/wp\/v2\/posts\/110785\/revisions"}],"predecessor-version":[{"id":110789,"href":"https:\/\/eldiariodesanpedro.com.ar\/sitio\/wp-json\/wp\/v2\/posts\/110785\/revisions\/110789"}],"wp:featuredmedia":[{"embeddable":true,"href":"https:\/\/eldiariodesanpedro.com.ar\/sitio\/wp-json\/wp\/v2\/media\/110786"}],"wp:attachment":[{"href":"https:\/\/eldiariodesanpedro.com.ar\/sitio\/wp-json\/wp\/v2\/media?parent=110785"}],"wp:term":[{"taxonomy":"category","embeddable":true,"href":"https:\/\/eldiariodesanpedro.com.ar\/sitio\/wp-json\/wp\/v2\/categories?post=110785"},{"taxonomy":"post_tag","embeddable":true,"href":"https:\/\/eldiariodesanpedro.com.ar\/sitio\/wp-json\/wp\/v2\/tags?post=110785"}],"curies":[{"name":"wp","href":"https:\/\/api.w.org\/{rel}","templated":true}]}}