{"id":110777,"date":"2022-09-20T13:51:00","date_gmt":"2022-09-20T16:51:00","guid":{"rendered":"https:\/\/eldiariodesanpedro.com.ar\/sitio\/?p=110777"},"modified":"2022-09-20T13:51:01","modified_gmt":"2022-09-20T16:51:01","slug":"los-dias-17-y-18-de-octubre-sera-el-juicio-por-el-asesinato-de-birolo-belo","status":"publish","type":"post","link":"https:\/\/eldiariodesanpedro.com.ar\/sitio\/los-dias-17-y-18-de-octubre-sera-el-juicio-por-el-asesinato-de-birolo-belo\/","title":{"rendered":"Los d\u00edas 17 y 18 de octubre ser\u00e1 el juicio por el asesinato de \u00abBirolo\u00bb Belo"},"content":{"rendered":"<!-- VideographyWP Plugin Message: Automatic video embedding prevented by plugin options. -->\n\n<p>As\u00ed lo adelant\u00f3 el fiscal Marcelo Manso en el aire de FM G\u00e9nesis. El \u00fanico imputado es Luis Almir\u00f3n. El hecho se produjo en febrero de 2021.<\/p>\n\n\n\n<p>Otra audiencia judicial que se viene en los pr\u00f3ximos d\u00edas tiene que ver con otro de los hechos resonantes ocurridos en los \u00faltimos a\u00f1os.<\/p>\n\n\n\n<p>Los d\u00edas 17 y 18 de octubre se desarrollar\u00e1 en los Tribunales de San Nicol\u00e1s el juicio oral y p\u00fablico contra Luis Almir\u00f3n, \u00fanico acusado de asesinar a Emanuel \u00abBirolo\u00bb Belo .<\/p>\n\n\n\n<p>M\u00e1s de veinte personas desfilar\u00e1n como testigos durante el debate, cada uno aportado por las partes involucradas.<\/p>\n\n\n\n<p>As\u00ed lo manifest\u00f3 el fiscal Marcelo Manso en exclusiva para FM G\u00e9nesis y San Pedro Informa.<\/p>\n\n\n\n<p>El hecho se produjo en la madrugada del 21 de febrero de 2021 en el barrio Hermano Indio, cuando Belo ven\u00eda de participar en otro il\u00edcito y se encontr\u00f3 con Almir\u00f3n a pocos metros de all\u00ed, quien a la vez se cobr\u00f3 algunas cuentas pendientes dispar\u00e1ndole y mat\u00e1ndolo en el acto.<\/p>\n\n\n\n<p>Almir\u00f3n huy\u00f3 del lugar y se entreg\u00f3 m\u00e1s tarde en su casa del barrio La Tosquera ante el personal de la Comisar\u00eda.<\/p>\n\n\n\n<p>Esa misma madrugada, \u00abBirolo\u00bb, hab\u00eda participado junto a otras personas, de un atraco a un vecino oriundo de Baradero que hab\u00eda sido llevado por unas mujeres a comprar drogas al barrio.<\/p>\n","protected":false},"excerpt":{"rendered":"<p>As\u00ed lo adelant\u00f3 el fiscal Marcelo Manso en el aire de FM G\u00e9nesis. El \u00fanico imputado es Luis Almir\u00f3n. El hecho se produjo en febrero de 2021. Otra audiencia judicial que se viene en los pr\u00f3ximos d\u00edas tiene que ver con otro de los hechos resonantes ocurridos en los \u00faltimos a\u00f1os. Los d\u00edas 17 y [&hellip;]<\/p>\n","protected":false},"author":4,"featured_media":110778,"comment_status":"closed","ping_status":"closed","sticky":false,"template":"","format":"standard","meta":{"om_disable_all_campaigns":false,"_jetpack_memberships_contains_paid_content":false,"footnotes":""},"categories":[50,101,2],"tags":[],"class_list":["post-110777","post","type-post","status-publish","format-standard","has-post-thumbnail","hentry","category-destacadas","category-interes-general-locales","category-locales"],"aioseo_notices":[],"gutentor_comment":0,"jetpack_featured_media_url":"https:\/\/eldiariodesanpedro.com.ar\/sitio\/wp-content\/uploads\/2022\/09\/0000021252-resized-1920x1080-1.jpg","jetpack_shortlink":"https:\/\/wp.me\/p6RhLt-sOJ","jetpack_sharing_enabled":true,"_links":{"self":[{"href":"https:\/\/eldiariodesanpedro.com.ar\/sitio\/wp-json\/wp\/v2\/posts\/110777","targetHints":{"allow":["GET"]}}],"collection":[{"href":"https:\/\/eldiariodesanpedro.com.ar\/sitio\/wp-json\/wp\/v2\/posts"}],"about":[{"href":"https:\/\/eldiariodesanpedro.com.ar\/sitio\/wp-json\/wp\/v2\/types\/post"}],"author":[{"embeddable":true,"href":"https:\/\/eldiariodesanpedro.com.ar\/sitio\/wp-json\/wp\/v2\/users\/4"}],"replies":[{"embeddable":true,"href":"https:\/\/eldiariodesanpedro.com.ar\/sitio\/wp-json\/wp\/v2\/comments?post=110777"}],"version-history":[{"count":1,"href":"https:\/\/eldiariodesanpedro.com.ar\/sitio\/wp-json\/wp\/v2\/posts\/110777\/revisions"}],"predecessor-version":[{"id":110779,"href":"https:\/\/eldiariodesanpedro.com.ar\/sitio\/wp-json\/wp\/v2\/posts\/110777\/revisions\/110779"}],"wp:featuredmedia":[{"embeddable":true,"href":"https:\/\/eldiariodesanpedro.com.ar\/sitio\/wp-json\/wp\/v2\/media\/110778"}],"wp:attachment":[{"href":"https:\/\/eldiariodesanpedro.com.ar\/sitio\/wp-json\/wp\/v2\/media?parent=110777"}],"wp:term":[{"taxonomy":"category","embeddable":true,"href":"https:\/\/eldiariodesanpedro.com.ar\/sitio\/wp-json\/wp\/v2\/categories?post=110777"},{"taxonomy":"post_tag","embeddable":true,"href":"https:\/\/eldiariodesanpedro.com.ar\/sitio\/wp-json\/wp\/v2\/tags?post=110777"}],"curies":[{"name":"wp","href":"https:\/\/api.w.org\/{rel}","templated":true}]}}