{"id":110750,"date":"2022-09-19T19:56:40","date_gmt":"2022-09-19T22:56:40","guid":{"rendered":"https:\/\/eldiariodesanpedro.com.ar\/sitio\/?p=110750"},"modified":"2022-09-19T19:56:41","modified_gmt":"2022-09-19T22:56:41","slug":"edicto-de-sucesion-de-garcia-nelida-zulema","status":"publish","type":"post","link":"https:\/\/eldiariodesanpedro.com.ar\/sitio\/edicto-de-sucesion-de-garcia-nelida-zulema\/","title":{"rendered":"Edicto de Sucesi\u00f3n de Garcia Nelida Zulema"},"content":{"rendered":"<!-- VideographyWP Plugin Message: Automatic video embedding prevented by plugin options. -->\n\n<p>El Juzgado de Paz de San Pedro a cargo del Juez Dr. Jos\u00e9 Ignacio MACCHIA, Secretar\u00eda \u00fanica a cargo del Dr. Facundo Vell\u00f3n cita y emplaza por 30 d\u00edas a todos los que se consideren con derecho a los bienes dejados <strong>Garcia Nelida Zulema<\/strong> en los autos caratulados \\Garcia, Nelida Zulema S\/Sucesion Ab-Intestato Expte. SUC &#8211; 868 &#8211; 22.- San Pedro, 14 de Septiembre de 2022.<\/p>\n\n\n\n<p>FACUNDO VELL\u00d3N<br>ABOGADO SECRETARIO<\/p>\n\n\n\n<p>(Publicaci\u00f3n V\u00e1lida por los d\u00edas\u00a0 19, 20 y 21 de septiembre de 2022)<br><a href=\"https:\/\/notificaciones.scba.gov.ar\/verificarnotificacion.aspx?codNotif=KX1HS3\">https:\/\/notificaciones.scba.gov.ar\/verificarnotificacion.aspx?codNotif=DW0QQ9<\/a><\/p>\n","protected":false},"excerpt":{"rendered":"<p>El Juzgado de Paz de San Pedro a cargo del Juez Dr. Jos\u00e9 Ignacio MACCHIA, Secretar\u00eda \u00fanica a cargo del Dr. Facundo Vell\u00f3n cita y emplaza por 30 d\u00edas a todos los que se consideren con derecho a los bienes dejados Garcia Nelida Zulema en los autos caratulados \\Garcia, Nelida Zulema S\/Sucesion Ab-Intestato Expte. SUC [&hellip;]<\/p>\n","protected":false},"author":4,"featured_media":102746,"comment_status":"closed","ping_status":"closed","sticky":false,"template":"","format":"standard","meta":{"om_disable_all_campaigns":false,"_jetpack_memberships_contains_paid_content":false,"footnotes":""},"categories":[676,677],"tags":[197,1121,3033,1355,33,19,1122],"class_list":["post-110750","post","type-post","status-publish","format-standard","has-post-thumbnail","hentry","category-edictos","category-edictos-sucesorios","tag-buenos-aires","tag-edicto","tag-edicto-de-sucesion-de-garcia-nelida-zulema","tag-judiciales","tag-locales","tag-san-pedro","tag-sucesion"],"aioseo_notices":[],"gutentor_comment":0,"jetpack_featured_media_url":"https:\/\/eldiariodesanpedro.com.ar\/sitio\/wp-content\/uploads\/2022\/01\/EDICTO.jpg","jetpack_shortlink":"https:\/\/wp.me\/p6RhLt-sOi","jetpack_sharing_enabled":true,"_links":{"self":[{"href":"https:\/\/eldiariodesanpedro.com.ar\/sitio\/wp-json\/wp\/v2\/posts\/110750","targetHints":{"allow":["GET"]}}],"collection":[{"href":"https:\/\/eldiariodesanpedro.com.ar\/sitio\/wp-json\/wp\/v2\/posts"}],"about":[{"href":"https:\/\/eldiariodesanpedro.com.ar\/sitio\/wp-json\/wp\/v2\/types\/post"}],"author":[{"embeddable":true,"href":"https:\/\/eldiariodesanpedro.com.ar\/sitio\/wp-json\/wp\/v2\/users\/4"}],"replies":[{"embeddable":true,"href":"https:\/\/eldiariodesanpedro.com.ar\/sitio\/wp-json\/wp\/v2\/comments?post=110750"}],"version-history":[{"count":1,"href":"https:\/\/eldiariodesanpedro.com.ar\/sitio\/wp-json\/wp\/v2\/posts\/110750\/revisions"}],"predecessor-version":[{"id":110751,"href":"https:\/\/eldiariodesanpedro.com.ar\/sitio\/wp-json\/wp\/v2\/posts\/110750\/revisions\/110751"}],"wp:featuredmedia":[{"embeddable":true,"href":"https:\/\/eldiariodesanpedro.com.ar\/sitio\/wp-json\/wp\/v2\/media\/102746"}],"wp:attachment":[{"href":"https:\/\/eldiariodesanpedro.com.ar\/sitio\/wp-json\/wp\/v2\/media?parent=110750"}],"wp:term":[{"taxonomy":"category","embeddable":true,"href":"https:\/\/eldiariodesanpedro.com.ar\/sitio\/wp-json\/wp\/v2\/categories?post=110750"},{"taxonomy":"post_tag","embeddable":true,"href":"https:\/\/eldiariodesanpedro.com.ar\/sitio\/wp-json\/wp\/v2\/tags?post=110750"}],"curies":[{"name":"wp","href":"https:\/\/api.w.org\/{rel}","templated":true}]}}