{"id":110742,"date":"2022-09-19T19:23:34","date_gmt":"2022-09-19T22:23:34","guid":{"rendered":"https:\/\/eldiariodesanpedro.com.ar\/sitio\/?p=110742"},"modified":"2022-09-19T19:23:36","modified_gmt":"2022-09-19T22:23:36","slug":"edicto-de-sucesion-de-de-rosa-elba-amalia","status":"publish","type":"post","link":"https:\/\/eldiariodesanpedro.com.ar\/sitio\/edicto-de-sucesion-de-de-rosa-elba-amalia\/","title":{"rendered":"Edicto de Sucesi\u00f3n de De Rosa Elba Amalia"},"content":{"rendered":"<!-- VideographyWP Plugin Message: Automatic video embedding prevented by plugin options. -->\n\n<p>El Juzgado de 1\u00ba Instancia en lo Civil y Comercial N\u00ba2, Secretar\u00eda \u00danica del Departamento Judicial de San Nicol\u00e1s, cita y emplaza por treinta d\u00edas a todos los que se consideren con derecho a los bienes dejados por la causante <strong>De Rosa Elba Amalia<\/strong>. San Nicol\u00e1s, 08 de septiembre de 2022.<\/p>\n\n\n\n<p>COLOMBO MARCELO<br>AUXILIAR LETRADO<\/p>\n\n\n\n<p>(Publicaci\u00f3n V\u00e1lida por los d\u00edas\u00a0 19, 20 y 21 de septiembre de 2022)<br><a href=\"https:\/\/notificaciones.scba.gov.ar\/verificarnotificacion.aspx?codNotif=FV947C\">https:\/\/notificaciones.scba.gov.ar\/verificarnotificacion.aspx?codNotif=FV947C<\/a><\/p>\n","protected":false},"excerpt":{"rendered":"<p>El Juzgado de 1\u00ba Instancia en lo Civil y Comercial N\u00ba2, Secretar\u00eda \u00danica del Departamento Judicial de San Nicol\u00e1s, cita y emplaza por treinta d\u00edas a todos los que se consideren con derecho a los bienes dejados por la causante De Rosa Elba Amalia. San Nicol\u00e1s, 08 de septiembre de 2022. COLOMBO MARCELOAUXILIAR LETRADO (Publicaci\u00f3n [&hellip;]<\/p>\n","protected":false},"author":4,"featured_media":102746,"comment_status":"closed","ping_status":"closed","sticky":false,"template":"","format":"standard","meta":{"om_disable_all_campaigns":false,"_jetpack_memberships_contains_paid_content":false,"footnotes":""},"categories":[676,677],"tags":[197,1121,696,1355,33,1122],"class_list":["post-110742","post","type-post","status-publish","format-standard","has-post-thumbnail","hentry","category-edictos","category-edictos-sucesorios","tag-buenos-aires","tag-edicto","tag-interes-general","tag-judiciales","tag-locales","tag-sucesion"],"aioseo_notices":[],"gutentor_comment":0,"jetpack_featured_media_url":"https:\/\/eldiariodesanpedro.com.ar\/sitio\/wp-content\/uploads\/2022\/01\/EDICTO.jpg","jetpack_shortlink":"https:\/\/wp.me\/p6RhLt-sOa","jetpack_sharing_enabled":true,"_links":{"self":[{"href":"https:\/\/eldiariodesanpedro.com.ar\/sitio\/wp-json\/wp\/v2\/posts\/110742","targetHints":{"allow":["GET"]}}],"collection":[{"href":"https:\/\/eldiariodesanpedro.com.ar\/sitio\/wp-json\/wp\/v2\/posts"}],"about":[{"href":"https:\/\/eldiariodesanpedro.com.ar\/sitio\/wp-json\/wp\/v2\/types\/post"}],"author":[{"embeddable":true,"href":"https:\/\/eldiariodesanpedro.com.ar\/sitio\/wp-json\/wp\/v2\/users\/4"}],"replies":[{"embeddable":true,"href":"https:\/\/eldiariodesanpedro.com.ar\/sitio\/wp-json\/wp\/v2\/comments?post=110742"}],"version-history":[{"count":1,"href":"https:\/\/eldiariodesanpedro.com.ar\/sitio\/wp-json\/wp\/v2\/posts\/110742\/revisions"}],"predecessor-version":[{"id":110743,"href":"https:\/\/eldiariodesanpedro.com.ar\/sitio\/wp-json\/wp\/v2\/posts\/110742\/revisions\/110743"}],"wp:featuredmedia":[{"embeddable":true,"href":"https:\/\/eldiariodesanpedro.com.ar\/sitio\/wp-json\/wp\/v2\/media\/102746"}],"wp:attachment":[{"href":"https:\/\/eldiariodesanpedro.com.ar\/sitio\/wp-json\/wp\/v2\/media?parent=110742"}],"wp:term":[{"taxonomy":"category","embeddable":true,"href":"https:\/\/eldiariodesanpedro.com.ar\/sitio\/wp-json\/wp\/v2\/categories?post=110742"},{"taxonomy":"post_tag","embeddable":true,"href":"https:\/\/eldiariodesanpedro.com.ar\/sitio\/wp-json\/wp\/v2\/tags?post=110742"}],"curies":[{"name":"wp","href":"https:\/\/api.w.org\/{rel}","templated":true}]}}