{"id":110725,"date":"2022-09-16T09:19:09","date_gmt":"2022-09-16T12:19:09","guid":{"rendered":"https:\/\/eldiariodesanpedro.com.ar\/sitio\/?p=110725"},"modified":"2022-09-16T09:19:10","modified_gmt":"2022-09-16T12:19:10","slug":"programa-de-concientizacion-vial-en-la-plaza-belgrano","status":"publish","type":"post","link":"https:\/\/eldiariodesanpedro.com.ar\/sitio\/programa-de-concientizacion-vial-en-la-plaza-belgrano\/","title":{"rendered":"Programa de concientizaci\u00f3n vial en la plaza Belgrano"},"content":{"rendered":"<!-- VideographyWP Plugin Message: Automatic video embedding prevented by plugin options. -->\n\n<p>Con buena respuesta de p\u00fablico finaliz\u00f3 este jueves la campa\u00f1a de concientizaci\u00f3n vial por realidad virtual que se llev\u00f3 a cabo en el centro de la ciudad.<\/p>\n\n\n\n<p>Durante tres jornadas se pudo participar de una experiencia apuntada espec\u00edficamente a la toma de conciencia a trav\u00e9s de una propuesta novedosa en la cual se proyectaron, a trav\u00e9s de dispositivos de realidad virtual, videos cortos con incidentes de tr\u00e1nsito tanto en autom\u00f3viles como en motocicletas.<\/p>\n\n\n\n<p>La actividad por la que pasaron aproximadamente 300 personas recibi\u00f3 adem\u00e1s la visita de estudiantes de diferentes instituciones, en esta \u00faltima jornada pasaron por el cami\u00f3n emplazado en plaza Belgrano alumnos de la Escuela Secundaria N\u00b0 15.<\/p>\n\n\n\n<figure class=\"wp-block-image size-full\"><img decoding=\"async\" width=\"839\" height=\"630\" data-attachment-id=\"110727\" data-permalink=\"https:\/\/eldiariodesanpedro.com.ar\/sitio\/programa-de-concientizacion-vial-en-la-plaza-belgrano\/whatsapp-image-2022-09-16-at-09-05-57\/\" data-orig-file=\"https:\/\/eldiariodesanpedro.com.ar\/sitio\/wp-content\/uploads\/2022\/09\/WhatsApp-Image-2022-09-16-at-09.05.57.jpeg\" data-orig-size=\"839,630\" data-comments-opened=\"0\" data-image-meta=\"{&quot;aperture&quot;:&quot;0&quot;,&quot;credit&quot;:&quot;&quot;,&quot;camera&quot;:&quot;&quot;,&quot;caption&quot;:&quot;&quot;,&quot;created_timestamp&quot;:&quot;0&quot;,&quot;copyright&quot;:&quot;&quot;,&quot;focal_length&quot;:&quot;0&quot;,&quot;iso&quot;:&quot;0&quot;,&quot;shutter_speed&quot;:&quot;0&quot;,&quot;title&quot;:&quot;&quot;,&quot;orientation&quot;:&quot;0&quot;}\" data-image-title=\"WhatsApp Image 2022-09-16 at 09.05.57\" data-image-description=\"\" data-image-caption=\"\" data-large-file=\"https:\/\/eldiariodesanpedro.com.ar\/sitio\/wp-content\/uploads\/2022\/09\/WhatsApp-Image-2022-09-16-at-09.05.57.jpeg\" data-src=\"https:\/\/eldiariodesanpedro.com.ar\/sitio\/wp-content\/uploads\/2022\/09\/WhatsApp-Image-2022-09-16-at-09.05.57.jpeg\" alt=\"\" class=\"wp-image-110727 lazyload\" data-srcset=\"https:\/\/eldiariodesanpedro.com.ar\/sitio\/wp-content\/uploads\/2022\/09\/WhatsApp-Image-2022-09-16-at-09.05.57.jpeg 839w, https:\/\/eldiariodesanpedro.com.ar\/sitio\/wp-content\/uploads\/2022\/09\/WhatsApp-Image-2022-09-16-at-09.05.57-300x225.jpeg 300w, https:\/\/eldiariodesanpedro.com.ar\/sitio\/wp-content\/uploads\/2022\/09\/WhatsApp-Image-2022-09-16-at-09.05.57-768x577.jpeg 768w, https:\/\/eldiariodesanpedro.com.ar\/sitio\/wp-content\/uploads\/2022\/09\/WhatsApp-Image-2022-09-16-at-09.05.57-272x204.jpeg 272w\" data-sizes=\"(max-width: 839px) 100vw, 839px\" src=\"data:image\/svg+xml;base64,PHN2ZyB3aWR0aD0iMSIgaGVpZ2h0PSIxIiB4bWxucz0iaHR0cDovL3d3dy53My5vcmcvMjAwMC9zdmciPjwvc3ZnPg==\" style=\"--smush-placeholder-width: 839px; --smush-placeholder-aspect-ratio: 839\/630;\" \/><\/figure>\n","protected":false},"excerpt":{"rendered":"<p>Con buena respuesta de p\u00fablico finaliz\u00f3 este jueves la campa\u00f1a de concientizaci\u00f3n vial por realidad virtual que se llev\u00f3 a cabo en el centro de la ciudad. Durante tres jornadas se pudo participar de una experiencia apuntada espec\u00edficamente a la toma de conciencia a trav\u00e9s de una propuesta novedosa en la cual se proyectaron, a [&hellip;]<\/p>\n","protected":false},"author":4,"featured_media":110726,"comment_status":"closed","ping_status":"closed","sticky":false,"template":"","format":"standard","meta":{"om_disable_all_campaigns":false,"_jetpack_memberships_contains_paid_content":false,"footnotes":""},"categories":[101,2],"tags":[197,696,33,19],"class_list":["post-110725","post","type-post","status-publish","format-standard","has-post-thumbnail","hentry","category-interes-general-locales","category-locales","tag-buenos-aires","tag-interes-general","tag-locales","tag-san-pedro"],"aioseo_notices":[],"gutentor_comment":0,"jetpack_featured_media_url":"https:\/\/eldiariodesanpedro.com.ar\/sitio\/wp-content\/uploads\/2022\/09\/WhatsApp-Image-2022-09-16-at-09.05.55.jpeg","jetpack_shortlink":"https:\/\/wp.me\/p6RhLt-sNT","jetpack_sharing_enabled":true,"_links":{"self":[{"href":"https:\/\/eldiariodesanpedro.com.ar\/sitio\/wp-json\/wp\/v2\/posts\/110725","targetHints":{"allow":["GET"]}}],"collection":[{"href":"https:\/\/eldiariodesanpedro.com.ar\/sitio\/wp-json\/wp\/v2\/posts"}],"about":[{"href":"https:\/\/eldiariodesanpedro.com.ar\/sitio\/wp-json\/wp\/v2\/types\/post"}],"author":[{"embeddable":true,"href":"https:\/\/eldiariodesanpedro.com.ar\/sitio\/wp-json\/wp\/v2\/users\/4"}],"replies":[{"embeddable":true,"href":"https:\/\/eldiariodesanpedro.com.ar\/sitio\/wp-json\/wp\/v2\/comments?post=110725"}],"version-history":[{"count":1,"href":"https:\/\/eldiariodesanpedro.com.ar\/sitio\/wp-json\/wp\/v2\/posts\/110725\/revisions"}],"predecessor-version":[{"id":110729,"href":"https:\/\/eldiariodesanpedro.com.ar\/sitio\/wp-json\/wp\/v2\/posts\/110725\/revisions\/110729"}],"wp:featuredmedia":[{"embeddable":true,"href":"https:\/\/eldiariodesanpedro.com.ar\/sitio\/wp-json\/wp\/v2\/media\/110726"}],"wp:attachment":[{"href":"https:\/\/eldiariodesanpedro.com.ar\/sitio\/wp-json\/wp\/v2\/media?parent=110725"}],"wp:term":[{"taxonomy":"category","embeddable":true,"href":"https:\/\/eldiariodesanpedro.com.ar\/sitio\/wp-json\/wp\/v2\/categories?post=110725"},{"taxonomy":"post_tag","embeddable":true,"href":"https:\/\/eldiariodesanpedro.com.ar\/sitio\/wp-json\/wp\/v2\/tags?post=110725"}],"curies":[{"name":"wp","href":"https:\/\/api.w.org\/{rel}","templated":true}]}}