{"id":110723,"date":"2022-09-16T09:15:44","date_gmt":"2022-09-16T12:15:44","guid":{"rendered":"https:\/\/eldiariodesanpedro.com.ar\/sitio\/?p=110723"},"modified":"2022-09-16T09:15:46","modified_gmt":"2022-09-16T12:15:46","slug":"caso-lillo-el-3-y-4-de-octubre-sera-el-juicio-contra-branto-ayala","status":"publish","type":"post","link":"https:\/\/eldiariodesanpedro.com.ar\/sitio\/caso-lillo-el-3-y-4-de-octubre-sera-el-juicio-contra-branto-ayala\/","title":{"rendered":"Caso Lillo: El 3 y 4 de octubre ser\u00e1 el juicio contra Branto Ayala"},"content":{"rendered":"<!-- VideographyWP Plugin Message: Automatic video embedding prevented by plugin options. -->\n\n<p>Se espera que en los Tribunales de San Nicol\u00e1s se vivan dos marat\u00f3nicas jornadas de debate. El principal implicado podr\u00eda recibir una dura condena. Tambi\u00e9n va juicio Marcos Bruzzone.<\/p>\n\n\n\n<p>En los pr\u00f3ximos d\u00edas ser\u00e1 evaluada la situaci\u00f3n judicial de los asesinos del polic\u00eda Nelson Lillo. El 3 y 4 de octubre en el Tribunal Criminal de San Nicol\u00e1s se desarrollar\u00e1 el juicio oral y p\u00fablico contra Carlos \u00abZurdo\u00bb Branto Ayala (58 a\u00f1os) y Marcos Bruzzone (30), \u00fanicos imputados en la muerte del funcionario de 26 a\u00f1os.<\/p>\n\n\n\n<p>Ser\u00e1 dos extensas jornadas ya que en total pasaran por la sala 124 testigos que aportar\u00e1n sus testimonios propuestos por las partes intervinientes.<\/p>\n\n\n\n<p>El hecho se produjo en el mediod\u00eda del 28 de enero de 2018 y Branto Ayala, de frondosos antecedentes, est\u00e1 detenido desde el 27 de enero de este a\u00f1o luego de permanecer pr\u00f3fugo durante dos d\u00edas. Junto a Pablo Morel protagonizaron el asalto y robo a un cami\u00f3n repartidor oriundo de Baradero cuando se encontraba en un supermercado ubicado en Rivadavia y Oliveira Cesar el 25 de febrero.<\/p>\n\n\n\n<p>Mantuvieron un enfrentamiento armado con la polic\u00eda y como consecuencia de ese incidente resultaron muertos Morel y el polic\u00eda Nelson Lillo.<\/p>\n\n\n\n<p>Branto, herido, escap\u00f3 de la escena del crimen y pudo ser detenido dos d\u00edas despu\u00e9s en un camino rural del paraje Tablas cuando pretend\u00eda escapar en sentido a la Ruta 9.<\/p>\n\n\n\n<p>Lillo patrullaba la ciudad junto a su compa\u00f1era Laura Lencina cuando al llegar a la esquina de Rivadavia y Oliveira Cesar se encontraron con el asalto al cami\u00f3n repartidor perteneciente a una empresa de Baradero.<\/p>\n\n\n\n<p>Ambos polic\u00edas intervinieron sin dudarlo y se encontraron con una moto que intentaba huir, en ese momento uno de los delincuentes, se presume que fue Carlos Branto Ayala, abri\u00f3 fuego hiriendo a corta distancia a Nelson Lillo.<\/p>\n\n\n\n<p>La balacera continu\u00f3 y all\u00ed fue abatido otro delincuente, Pablo Morel, que era quien conduc\u00eda la moto y proven\u00eda de la ciudad de Baradero.<\/p>\n\n\n\n<p>Ayala, logr\u00f3 escapar herido por la calle Rivadavia en sentido a Arnaldo, mientras que Lillo qued\u00f3 tendido sobre el piso herido de bala. Fue trasladado a la guardia del Hospital pero a los pocos minutos muri\u00f3.<\/p>\n\n\n\n<p>El baraderense Branto Ayala permaneci\u00f3 pr\u00f3fugo durante dos d\u00edas hasta que fue capturado en la zona rural, en inmediaciones del paraje Tablas, cuando intentaba huir herido en sentido a la ruta 9.<\/p>\n\n\n\n<p>En el caso de Bruzzone, actualmente posee pedido de captura, es considerado part\u00edcipe necesario porque para el fiscal Marcelo Manso es quien se acerc\u00f3 a la escena del crimen y retir\u00f3 del lugar a bordo de una moto a Branto Ayala.<\/p>\n\n\n\n<p>Fuente: <a href=\"https:\/\/www.sanpedroinforma.com.ar\/news-125267-Essers-Nosotros-no-vamos-a-echar-a-nadie-pero-el-que-se-quiera-ir-tiene-las-puertas-abiertas\">San Pedro Informa<\/a><\/p>\n","protected":false},"excerpt":{"rendered":"<p>Se espera que en los Tribunales de San Nicol\u00e1s se vivan dos marat\u00f3nicas jornadas de debate. El principal implicado podr\u00eda recibir una dura condena. Tambi\u00e9n va juicio Marcos Bruzzone. En los pr\u00f3ximos d\u00edas ser\u00e1 evaluada la situaci\u00f3n judicial de los asesinos del polic\u00eda Nelson Lillo. El 3 y 4 de octubre en el Tribunal Criminal [&hellip;]<\/p>\n","protected":false},"author":4,"featured_media":28528,"comment_status":"closed","ping_status":"closed","sticky":false,"template":"","format":"standard","meta":{"om_disable_all_campaigns":false,"_jetpack_memberships_contains_paid_content":false,"footnotes":""},"categories":[50,101,2],"tags":[197,696,33,19],"class_list":["post-110723","post","type-post","status-publish","format-standard","has-post-thumbnail","hentry","category-destacadas","category-interes-general-locales","category-locales","tag-buenos-aires","tag-interes-general","tag-locales","tag-san-pedro"],"aioseo_notices":[],"gutentor_comment":0,"jetpack_featured_media_url":"https:\/\/eldiariodesanpedro.com.ar\/sitio\/wp-content\/uploads\/2018\/01\/el-detenido-es-Roberto-El-Zurdo-Branto-Ayala-de-56-a\u00f1os-padre-de-Nazareno-Branto.jpeg","jetpack_shortlink":"https:\/\/wp.me\/p6RhLt-sNR","jetpack_sharing_enabled":true,"_links":{"self":[{"href":"https:\/\/eldiariodesanpedro.com.ar\/sitio\/wp-json\/wp\/v2\/posts\/110723","targetHints":{"allow":["GET"]}}],"collection":[{"href":"https:\/\/eldiariodesanpedro.com.ar\/sitio\/wp-json\/wp\/v2\/posts"}],"about":[{"href":"https:\/\/eldiariodesanpedro.com.ar\/sitio\/wp-json\/wp\/v2\/types\/post"}],"author":[{"embeddable":true,"href":"https:\/\/eldiariodesanpedro.com.ar\/sitio\/wp-json\/wp\/v2\/users\/4"}],"replies":[{"embeddable":true,"href":"https:\/\/eldiariodesanpedro.com.ar\/sitio\/wp-json\/wp\/v2\/comments?post=110723"}],"version-history":[{"count":1,"href":"https:\/\/eldiariodesanpedro.com.ar\/sitio\/wp-json\/wp\/v2\/posts\/110723\/revisions"}],"predecessor-version":[{"id":110724,"href":"https:\/\/eldiariodesanpedro.com.ar\/sitio\/wp-json\/wp\/v2\/posts\/110723\/revisions\/110724"}],"wp:featuredmedia":[{"embeddable":true,"href":"https:\/\/eldiariodesanpedro.com.ar\/sitio\/wp-json\/wp\/v2\/media\/28528"}],"wp:attachment":[{"href":"https:\/\/eldiariodesanpedro.com.ar\/sitio\/wp-json\/wp\/v2\/media?parent=110723"}],"wp:term":[{"taxonomy":"category","embeddable":true,"href":"https:\/\/eldiariodesanpedro.com.ar\/sitio\/wp-json\/wp\/v2\/categories?post=110723"},{"taxonomy":"post_tag","embeddable":true,"href":"https:\/\/eldiariodesanpedro.com.ar\/sitio\/wp-json\/wp\/v2\/tags?post=110723"}],"curies":[{"name":"wp","href":"https:\/\/api.w.org\/{rel}","templated":true}]}}