{"id":110720,"date":"2022-09-16T09:08:10","date_gmt":"2022-09-16T12:08:10","guid":{"rendered":"https:\/\/eldiariodesanpedro.com.ar\/sitio\/?p=110720"},"modified":"2022-09-16T09:08:12","modified_gmt":"2022-09-16T12:08:12","slug":"essers-nosotros-no-vamos-a-echar-a-nadie-pero-el-que-se-quiera-ir-tiene-las-puertas-abiertas","status":"publish","type":"post","link":"https:\/\/eldiariodesanpedro.com.ar\/sitio\/essers-nosotros-no-vamos-a-echar-a-nadie-pero-el-que-se-quiera-ir-tiene-las-puertas-abiertas\/","title":{"rendered":"Essers: \u201cNosotros no vamos a echar a nadie pero el que se quiera ir tiene las puertas abiertas\u201d"},"content":{"rendered":"<!-- VideographyWP Plugin Message: Automatic video embedding prevented by plugin options. -->\n\n<p>Las desafortunadas expresiones que dirigentes de Gral. San Mart\u00edn expresaron en las redes sociales no cayeron bien en las autoridades liguistas que los citaron para la noche del jueves. All\u00ed, m\u00e1s all\u00e1 de la grave denuncia de un \u00e1rbitro, podr\u00eda definirse el futuro de Gral. San Mart\u00edn en la Liga Deportiva Sampedrina.<\/p>\n\n\n\n<p>Lo denunciado por el \u00e1rbitro Cesar Castro quien asegur\u00f3 que personas presuntamente identificadas con el club General San Mart\u00edn le ofrecieron dinero y un costillar para favorecer al equipo due\u00f1o de casa tambi\u00e9n gener\u00f3 otras cuestiones que no tiene&nbsp;que ver con lo sucedido pero s\u00ed generaron repercusi\u00f3n y molestaron.<\/p>\n\n\n\n<p>Entre ellas las desafortunadas expresiones que dirigentes de Gral. San Mart\u00edn expresaron en las redes sociales y no cayeron bien en las autoridades liguistas que los citaron para la noche del jueves. All\u00ed, m\u00e1s all\u00e1 de la grave denuncia del \u00e1rbitro, podr\u00eda definirse el futuro de Gral. San Mart\u00edn en la Liga Deportiva Sampedrina.<\/p>\n\n\n\n<p>\u201cEn el ambiente del f\u00fatbol desde hace mucho tiempo se coment\u00f3 que en P\u00e9rez Mill\u00e1n y en otras canchas se intenta sobornar a los \u00e1rbitros pero siempre quedaron como an\u00e9cdotas pero en este caso hubo un \u00e1rbitro que lo denunci\u00f3\u201d, manifest\u00f3 Fernando Essers en el aire de FM G\u00e9nesis<\/p>\n\n\n\n<p>\u201cYo fui a ver un partido que me parec\u00eda importante, entonces vamos con otras personas y tratamos de estar un rato los fin de semana viendo las inferiores con Laura Monfasani y Mauro Millet, pero siempre estamos tratando de ir viendo para que no te cuenten ellos la pel\u00edcula que te quieren contar\u201d.<\/p>\n\n\n\n<p>\u201cYo estaba en la cancha, estaba todo b\u00e1rbaro y te digo sinceramente, a m\u00ed apreciaci\u00f3n el \u00e1rbitro fue excelente, no bueno\u2026 excelente\u201d<\/p>\n\n\n\n<p>\u201cEl \u00e1rbitro tuvo un buen criterio pero la gente de P\u00e9rez Mill\u00e1n, inclusive los jugadores, sal\u00edan a protestar todas las cosas, la gente cada vez que escuchaba el silbato del \u00e1rbitro hac\u00eda planteamientos, que a mi criterio eran err\u00f3neos\u201d, afirm\u00f3 el presidente.<\/p>\n\n\n\n<p>\u201cA mediados del segundo tiempo se ve que a un sector de la tribuna los advirtieron de que est\u00e1bamos nosotros de la liga y no solamente era contra Paran\u00e1 y el \u00e1rbitro, tambi\u00e9n ya \u00e9ramos los \u00abgordos\u00bb de la Liga que \u00edbamos a perjudicarlos\u201d, dijo entre risas.<\/p>\n\n\n\n<p>\u201cCuando termina el partido ni te cuento. Ya en el primer tiempo ven\u00edan 3 o 4 personas y le dec\u00edan al \u00e1rbitro de todo, y cuando termin\u00f3 el partido eran todos contra el \u00e1rbitro y contra nosotros los de la Liga, que ellos son los perjudicados, que cuando vienen ac\u00e1 los \u00e1rbitros son locales, que cuando van all\u00e1 los \u00e1rbitros son de afuera, entonces los perjudican siempre y no es as\u00ed, porque yo hablando con el designador de \u00e1rbitros de ac\u00e1 de la liga, al equipo de P\u00e9rez Mill\u00e1n fue al que se les mand\u00f3 m\u00e1s \u00e1rbitros de afuera, si bien trabajan para la liga de San Pedro, son de afuera, para evitar esto de que \u00abme dijo o me dijiste\u00bb.<\/p>\n\n\n\n<p>\u201cNosotros lo que queremos con esto es, viendo el informe de la actuaci\u00f3n del \u00e1rbitro en el partido, y la nota del colegio de Villa Constituci\u00f3n, que el tribunal de penas lo analicen y supuestamente citen para que hagan su descargo y despu\u00e9s si corresponde que tomen una sanci\u00f3n\u201d, se\u00f1al\u00f3 Fernando Essers.<\/p>\n\n\n\n<p>\u201cVamos a ver qu\u00e9 dicen los dirigentes de P\u00e9rez Mill\u00e1n. Con lo que ocurri\u00f3 y los dichos de alg\u00fan dirigente de la instituci\u00f3n donde se refiere a la conducci\u00f3n de la liga, quej\u00e1ndose de la conducci\u00f3n anterior y ponderando a esta, tambi\u00e9n hace referencia a la posibilidad de irse a jugar a la liga de San Nicol\u00e1s. En teor\u00eda lo deber\u00eda tomar como una amenaza, es m\u00e1s el domingo en la cancha hab\u00eda personas que pasaban por detr\u00e1s nuestro y tambi\u00e9n dec\u00edan que siempre se los perjudicaban y que era la hora de irse a la otra liga\u201d.<\/p>\n\n\n\n<p>\u201cLlegado este caso ya me cans\u00e9 de las amenazas. Nosotros no vamos a echar a nadie porque no es nuestra voluntad, pero estoy cansado de estas cosas, si se quieren ir las puertas est\u00e1n abiertas, pero yo no voy a ir m\u00e1s all\u00e1 del reglamento, y vamos a hacer todo lo que sea posible para que todo sea parejo para todos, y se realmente lo est\u00e1n pensando que lo hagan pero que no me amenacen\u201d. &nbsp;<\/p>\n","protected":false},"excerpt":{"rendered":"<p>Las desafortunadas expresiones que dirigentes de Gral. San Mart\u00edn expresaron en las redes sociales no cayeron bien en las autoridades liguistas que los citaron para la noche del jueves. All\u00ed, m\u00e1s all\u00e1 de la grave denuncia de un \u00e1rbitro, podr\u00eda definirse el futuro de Gral. San Mart\u00edn en la Liga Deportiva Sampedrina. Lo denunciado por [&hellip;]<\/p>\n","protected":false},"author":4,"featured_media":110721,"comment_status":"closed","ping_status":"closed","sticky":false,"template":"","format":"standard","meta":{"om_disable_all_campaigns":false,"_jetpack_memberships_contains_paid_content":false,"footnotes":""},"categories":[50,101,2],"tags":[197,696,33,19],"class_list":["post-110720","post","type-post","status-publish","format-standard","has-post-thumbnail","hentry","category-destacadas","category-interes-general-locales","category-locales","tag-buenos-aires","tag-interes-general","tag-locales","tag-san-pedro"],"aioseo_notices":[],"gutentor_comment":0,"jetpack_featured_media_url":"https:\/\/eldiariodesanpedro.com.ar\/sitio\/wp-content\/uploads\/2022\/09\/0000021246-resized-1920x1080-1.jpg","jetpack_shortlink":"https:\/\/wp.me\/p6RhLt-sNO","jetpack_sharing_enabled":true,"_links":{"self":[{"href":"https:\/\/eldiariodesanpedro.com.ar\/sitio\/wp-json\/wp\/v2\/posts\/110720","targetHints":{"allow":["GET"]}}],"collection":[{"href":"https:\/\/eldiariodesanpedro.com.ar\/sitio\/wp-json\/wp\/v2\/posts"}],"about":[{"href":"https:\/\/eldiariodesanpedro.com.ar\/sitio\/wp-json\/wp\/v2\/types\/post"}],"author":[{"embeddable":true,"href":"https:\/\/eldiariodesanpedro.com.ar\/sitio\/wp-json\/wp\/v2\/users\/4"}],"replies":[{"embeddable":true,"href":"https:\/\/eldiariodesanpedro.com.ar\/sitio\/wp-json\/wp\/v2\/comments?post=110720"}],"version-history":[{"count":1,"href":"https:\/\/eldiariodesanpedro.com.ar\/sitio\/wp-json\/wp\/v2\/posts\/110720\/revisions"}],"predecessor-version":[{"id":110722,"href":"https:\/\/eldiariodesanpedro.com.ar\/sitio\/wp-json\/wp\/v2\/posts\/110720\/revisions\/110722"}],"wp:featuredmedia":[{"embeddable":true,"href":"https:\/\/eldiariodesanpedro.com.ar\/sitio\/wp-json\/wp\/v2\/media\/110721"}],"wp:attachment":[{"href":"https:\/\/eldiariodesanpedro.com.ar\/sitio\/wp-json\/wp\/v2\/media?parent=110720"}],"wp:term":[{"taxonomy":"category","embeddable":true,"href":"https:\/\/eldiariodesanpedro.com.ar\/sitio\/wp-json\/wp\/v2\/categories?post=110720"},{"taxonomy":"post_tag","embeddable":true,"href":"https:\/\/eldiariodesanpedro.com.ar\/sitio\/wp-json\/wp\/v2\/tags?post=110720"}],"curies":[{"name":"wp","href":"https:\/\/api.w.org\/{rel}","templated":true}]}}