{"id":110717,"date":"2022-09-16T09:03:46","date_gmt":"2022-09-16T12:03:46","guid":{"rendered":"https:\/\/eldiariodesanpedro.com.ar\/sitio\/?p=110717"},"modified":"2022-09-16T09:03:48","modified_gmt":"2022-09-16T12:03:48","slug":"intensa-actividad-de-bomberos-en-los-ultimos-dias","status":"publish","type":"post","link":"https:\/\/eldiariodesanpedro.com.ar\/sitio\/intensa-actividad-de-bomberos-en-los-ultimos-dias\/","title":{"rendered":"Intensa actividad de Bomberos en los \u00faltimos d\u00edas"},"content":{"rendered":"<!-- VideographyWP Plugin Message: Automatic video embedding prevented by plugin options. -->\n\n<p>Fueron varias las intervenciones que el personal de la Central 80 debi\u00f3 realizar en las \u00faltimas 72 horas. La mayor\u00eda de los casos tuvo que ver con incendios forestales.<\/p>\n\n\n\n<p>Una intensa actividad ha tenido en los \u00faltimos d\u00edas el personal de Bomberos Voluntarios de nuestra localidad.<\/p>\n\n\n\n<p>El jueves fue un d\u00eda con diversas intervenciones comenzando muy temprano con el accidente de tr\u00e1nsito que se origin\u00f3 sobre la ruta 1001 y d\u00f3nde chocaron un auto y un colectivo con el saldo de una mujer herida.<\/p>\n\n\n\n<p>Luego hubo otras intervenciones como el incendio de unas palmeras en la zona conocida como bajo Murano y otro incendio que se origin\u00f3 en el basural, el cual demand\u00f3 varias horas de trabajo.<\/p>\n\n\n\n<p>En los d\u00edas previos los Bomberos tambi\u00e9n tuvieron que intervenir en un incendio de cortina de \u00e1rboles en inmediaciones de kil\u00f3metro 174 de la ruta 9, tambi\u00e9n otro incendio de malezas en el paraje La Buena Moza donde tambi\u00e9n se debi\u00f3 acudir al refuerzo con otra unidad.<\/p>\n\n\n\n<p>El martes hubo en la intervenci\u00f3n por incendio de pastos en mediaciones del obrador de la Coopser y el d\u00eda mi\u00e9rcoles hubo otro incendio forestal en la zona de el paraje la Celina con la intervenci\u00f3n de dos dotaciones del cuerpo.<\/p>\n\n\n\n<p>Evidentemente la falta de agua y la sequ\u00eda han provocado la mayor\u00eda de los siniestros que se originaron en la zona rural y mientras el panorama climatol\u00f3gico no cambie seguir\u00e1 siendo as\u00ed.<\/p>\n\n\n\n<p>Funete: <a href=\"https:\/\/www.sanpedroinforma.com.ar\/news-125266-intensa-actividad-de-bomberos-en-los-%C3%BAltimos-d%C3%ADas\">San Pedro Informa<\/a><\/p>\n","protected":false},"excerpt":{"rendered":"<p>Fueron varias las intervenciones que el personal de la Central 80 debi\u00f3 realizar en las \u00faltimas 72 horas. La mayor\u00eda de los casos tuvo que ver con incendios forestales. Una intensa actividad ha tenido en los \u00faltimos d\u00edas el personal de Bomberos Voluntarios de nuestra localidad. El jueves fue un d\u00eda con diversas intervenciones comenzando [&hellip;]<\/p>\n","protected":false},"author":4,"featured_media":110718,"comment_status":"closed","ping_status":"closed","sticky":false,"template":"","format":"standard","meta":{"om_disable_all_campaigns":false,"_jetpack_memberships_contains_paid_content":false,"footnotes":""},"categories":[101,2],"tags":[197,696,33,19],"class_list":["post-110717","post","type-post","status-publish","format-standard","has-post-thumbnail","hentry","category-interes-general-locales","category-locales","tag-buenos-aires","tag-interes-general","tag-locales","tag-san-pedro"],"aioseo_notices":[],"gutentor_comment":0,"jetpack_featured_media_url":"https:\/\/eldiariodesanpedro.com.ar\/sitio\/wp-content\/uploads\/2022\/09\/WhatsApp-Image-2022-09-15-at-08.50.42.jpeg","jetpack_shortlink":"https:\/\/wp.me\/p6RhLt-sNL","jetpack_sharing_enabled":true,"_links":{"self":[{"href":"https:\/\/eldiariodesanpedro.com.ar\/sitio\/wp-json\/wp\/v2\/posts\/110717","targetHints":{"allow":["GET"]}}],"collection":[{"href":"https:\/\/eldiariodesanpedro.com.ar\/sitio\/wp-json\/wp\/v2\/posts"}],"about":[{"href":"https:\/\/eldiariodesanpedro.com.ar\/sitio\/wp-json\/wp\/v2\/types\/post"}],"author":[{"embeddable":true,"href":"https:\/\/eldiariodesanpedro.com.ar\/sitio\/wp-json\/wp\/v2\/users\/4"}],"replies":[{"embeddable":true,"href":"https:\/\/eldiariodesanpedro.com.ar\/sitio\/wp-json\/wp\/v2\/comments?post=110717"}],"version-history":[{"count":1,"href":"https:\/\/eldiariodesanpedro.com.ar\/sitio\/wp-json\/wp\/v2\/posts\/110717\/revisions"}],"predecessor-version":[{"id":110719,"href":"https:\/\/eldiariodesanpedro.com.ar\/sitio\/wp-json\/wp\/v2\/posts\/110717\/revisions\/110719"}],"wp:featuredmedia":[{"embeddable":true,"href":"https:\/\/eldiariodesanpedro.com.ar\/sitio\/wp-json\/wp\/v2\/media\/110718"}],"wp:attachment":[{"href":"https:\/\/eldiariodesanpedro.com.ar\/sitio\/wp-json\/wp\/v2\/media?parent=110717"}],"wp:term":[{"taxonomy":"category","embeddable":true,"href":"https:\/\/eldiariodesanpedro.com.ar\/sitio\/wp-json\/wp\/v2\/categories?post=110717"},{"taxonomy":"post_tag","embeddable":true,"href":"https:\/\/eldiariodesanpedro.com.ar\/sitio\/wp-json\/wp\/v2\/tags?post=110717"}],"curies":[{"name":"wp","href":"https:\/\/api.w.org\/{rel}","templated":true}]}}