{"id":110715,"date":"2022-09-16T08:52:02","date_gmt":"2022-09-16T11:52:02","guid":{"rendered":"https:\/\/eldiariodesanpedro.com.ar\/sitio\/?p=110715"},"modified":"2022-09-16T08:52:03","modified_gmt":"2022-09-16T11:52:03","slug":"el-centro-de-comercio-invita-a-colaborar-con-premios-para-una-rifa-del-hogar-gomendio%ef%bf%bc","status":"publish","type":"post","link":"https:\/\/eldiariodesanpedro.com.ar\/sitio\/el-centro-de-comercio-invita-a-colaborar-con-premios-para-una-rifa-del-hogar-gomendio%ef%bf%bc\/","title":{"rendered":"El Centro de Comercio invita a colaborar con premios para una rifa del Hogar Gomendio\ufffc"},"content":{"rendered":"<!-- VideographyWP Plugin Message: Automatic video embedding prevented by plugin options. -->\n\n<p><em>El Centro de Comercio comparte con sus asociados\u00a0 y con los comerciantes en general la invitaci\u00f3n a participar de una campa\u00f1a de colaboraci\u00f3n con el Hogar Mar\u00eda A. de Gomendio que llevar\u00e1 adelante una rifa con el objetivo de reunir fondos que permitan realizar obras de reparaci\u00f3n e infraestructura sumamente urgentes.<br><br>Quienes lo deseen, pueden colaborar con la donaci\u00f3n de premios para el armado de esta rifa.\u00a0Las donaciones se reciben en el Centro de Comercio, Industria y Turismo de San Pedro, Bm\u00e9 Mitre 650, de lunes a viernes, de 8 a 15 hs, o s\u00e1bados de 9 a 11:30 hs, hasta el 22 de septiembre pr\u00f3ximo.<\/em><\/p>\n","protected":false},"excerpt":{"rendered":"<p>El Centro de Comercio comparte con sus asociados\u00a0 y con los comerciantes en general la invitaci\u00f3n a participar de una campa\u00f1a de colaboraci\u00f3n con el Hogar Mar\u00eda A. de Gomendio que llevar\u00e1 adelante una rifa con el objetivo de reunir fondos que permitan realizar obras de reparaci\u00f3n e infraestructura sumamente urgentes. Quienes lo deseen, pueden [&hellip;]<\/p>\n","protected":false},"author":4,"featured_media":6680,"comment_status":"closed","ping_status":"closed","sticky":false,"template":"","format":"standard","meta":{"om_disable_all_campaigns":false,"_jetpack_memberships_contains_paid_content":false,"footnotes":""},"categories":[101,2],"tags":[197,696,33,19],"class_list":["post-110715","post","type-post","status-publish","format-standard","has-post-thumbnail","hentry","category-interes-general-locales","category-locales","tag-buenos-aires","tag-interes-general","tag-locales","tag-san-pedro"],"aioseo_notices":[],"gutentor_comment":0,"jetpack_featured_media_url":"https:\/\/eldiariodesanpedro.com.ar\/sitio\/wp-content\/uploads\/2016\/08\/Hogar-gomendio.jpg","jetpack_shortlink":"https:\/\/wp.me\/p6RhLt-sNJ","jetpack_sharing_enabled":true,"_links":{"self":[{"href":"https:\/\/eldiariodesanpedro.com.ar\/sitio\/wp-json\/wp\/v2\/posts\/110715","targetHints":{"allow":["GET"]}}],"collection":[{"href":"https:\/\/eldiariodesanpedro.com.ar\/sitio\/wp-json\/wp\/v2\/posts"}],"about":[{"href":"https:\/\/eldiariodesanpedro.com.ar\/sitio\/wp-json\/wp\/v2\/types\/post"}],"author":[{"embeddable":true,"href":"https:\/\/eldiariodesanpedro.com.ar\/sitio\/wp-json\/wp\/v2\/users\/4"}],"replies":[{"embeddable":true,"href":"https:\/\/eldiariodesanpedro.com.ar\/sitio\/wp-json\/wp\/v2\/comments?post=110715"}],"version-history":[{"count":1,"href":"https:\/\/eldiariodesanpedro.com.ar\/sitio\/wp-json\/wp\/v2\/posts\/110715\/revisions"}],"predecessor-version":[{"id":110716,"href":"https:\/\/eldiariodesanpedro.com.ar\/sitio\/wp-json\/wp\/v2\/posts\/110715\/revisions\/110716"}],"wp:featuredmedia":[{"embeddable":true,"href":"https:\/\/eldiariodesanpedro.com.ar\/sitio\/wp-json\/wp\/v2\/media\/6680"}],"wp:attachment":[{"href":"https:\/\/eldiariodesanpedro.com.ar\/sitio\/wp-json\/wp\/v2\/media?parent=110715"}],"wp:term":[{"taxonomy":"category","embeddable":true,"href":"https:\/\/eldiariodesanpedro.com.ar\/sitio\/wp-json\/wp\/v2\/categories?post=110715"},{"taxonomy":"post_tag","embeddable":true,"href":"https:\/\/eldiariodesanpedro.com.ar\/sitio\/wp-json\/wp\/v2\/tags?post=110715"}],"curies":[{"name":"wp","href":"https:\/\/api.w.org\/{rel}","templated":true}]}}