{"id":110690,"date":"2022-09-15T14:39:52","date_gmt":"2022-09-15T17:39:52","guid":{"rendered":"https:\/\/eldiariodesanpedro.com.ar\/sitio\/?p=110690"},"modified":"2022-09-15T14:39:53","modified_gmt":"2022-09-15T17:39:53","slug":"prefectura-detuvo-a-un-ex-policia-por-lesiones-y-privacion-ilegal-de-la-libertad-en-el-barrio-fonavi","status":"publish","type":"post","link":"https:\/\/eldiariodesanpedro.com.ar\/sitio\/prefectura-detuvo-a-un-ex-policia-por-lesiones-y-privacion-ilegal-de-la-libertad-en-el-barrio-fonavi\/","title":{"rendered":"Prefectura detuvo a un ex polic\u00eda por lesiones y privaci\u00f3n ilegal de la libertad en el barrio Fonavi"},"content":{"rendered":"<!-- VideographyWP Plugin Message: Automatic video embedding prevented by plugin options. -->\n\n<p>Personal de la Prefectura San Pedro detuvo a un hombre involucrado en una causa por lesiones y privaci\u00f3n ilegal de la libertad agravada, en un allanamiento realizado hace pocas horas.<\/p>\n\n\n\n<p>Personal de Prefectura San Pedro a cargo del Prefecto Yamil Casas encabez\u00f3 un allanamiento en el que se detuvo a un hombre acusado de lesionar y privar de su libertad a otra persona.<\/p>\n\n\n\n<p>El detenido fue identificado como Emilio Ch\u00e1vez, un ex polic\u00eda de 76 a\u00f1os quien tras ser apresado fue puesto a disposici\u00f3n de la justicia.<\/p>\n\n\n\n<p>El operativo fue ordenado por el Juzgado de Garant\u00edas n\u00ba 3 de San Nicol\u00e1s, a cargo de la jueza Mar\u00eda Eugenia Maiztegui, y en el lugar se incautaron armas de fuego (una pistola, un rifle y una escopeta), con sus cargadores y municiones.<\/p>\n\n\n\n<p>Ch\u00e1vez fue alojado en la Prefectura local aunque en las pr\u00f3ximas horas ser\u00e1 trasladado a la sede de Prefectura Tigre.<\/p>\n","protected":false},"excerpt":{"rendered":"<p>Personal de la Prefectura San Pedro detuvo a un hombre involucrado en una causa por lesiones y privaci\u00f3n ilegal de la libertad agravada, en un allanamiento realizado hace pocas horas. Personal de Prefectura San Pedro a cargo del Prefecto Yamil Casas encabez\u00f3 un allanamiento en el que se detuvo a un hombre acusado de lesionar [&hellip;]<\/p>\n","protected":false},"author":4,"featured_media":110691,"comment_status":"closed","ping_status":"closed","sticky":false,"template":"","format":"standard","meta":{"om_disable_all_campaigns":false,"_jetpack_memberships_contains_paid_content":false,"footnotes":""},"categories":[50,2,103],"tags":[197,696,33,19],"class_list":["post-110690","post","type-post","status-publish","format-standard","has-post-thumbnail","hentry","category-destacadas","category-locales","category-policiales-locales","tag-buenos-aires","tag-interes-general","tag-locales","tag-san-pedro"],"aioseo_notices":[],"gutentor_comment":0,"jetpack_featured_media_url":"https:\/\/eldiariodesanpedro.com.ar\/sitio\/wp-content\/uploads\/2022\/09\/whatsapp_image_2022-09-14_at_12.31.26_1-770x578-1.jpeg","jetpack_shortlink":"https:\/\/wp.me\/p6RhLt-sNk","jetpack_sharing_enabled":true,"_links":{"self":[{"href":"https:\/\/eldiariodesanpedro.com.ar\/sitio\/wp-json\/wp\/v2\/posts\/110690","targetHints":{"allow":["GET"]}}],"collection":[{"href":"https:\/\/eldiariodesanpedro.com.ar\/sitio\/wp-json\/wp\/v2\/posts"}],"about":[{"href":"https:\/\/eldiariodesanpedro.com.ar\/sitio\/wp-json\/wp\/v2\/types\/post"}],"author":[{"embeddable":true,"href":"https:\/\/eldiariodesanpedro.com.ar\/sitio\/wp-json\/wp\/v2\/users\/4"}],"replies":[{"embeddable":true,"href":"https:\/\/eldiariodesanpedro.com.ar\/sitio\/wp-json\/wp\/v2\/comments?post=110690"}],"version-history":[{"count":1,"href":"https:\/\/eldiariodesanpedro.com.ar\/sitio\/wp-json\/wp\/v2\/posts\/110690\/revisions"}],"predecessor-version":[{"id":110692,"href":"https:\/\/eldiariodesanpedro.com.ar\/sitio\/wp-json\/wp\/v2\/posts\/110690\/revisions\/110692"}],"wp:featuredmedia":[{"embeddable":true,"href":"https:\/\/eldiariodesanpedro.com.ar\/sitio\/wp-json\/wp\/v2\/media\/110691"}],"wp:attachment":[{"href":"https:\/\/eldiariodesanpedro.com.ar\/sitio\/wp-json\/wp\/v2\/media?parent=110690"}],"wp:term":[{"taxonomy":"category","embeddable":true,"href":"https:\/\/eldiariodesanpedro.com.ar\/sitio\/wp-json\/wp\/v2\/categories?post=110690"},{"taxonomy":"post_tag","embeddable":true,"href":"https:\/\/eldiariodesanpedro.com.ar\/sitio\/wp-json\/wp\/v2\/tags?post=110690"}],"curies":[{"name":"wp","href":"https:\/\/api.w.org\/{rel}","templated":true}]}}