{"id":110687,"date":"2022-09-15T14:29:45","date_gmt":"2022-09-15T17:29:45","guid":{"rendered":"https:\/\/eldiariodesanpedro.com.ar\/sitio\/?p=110687"},"modified":"2022-09-15T14:29:46","modified_gmt":"2022-09-15T17:29:46","slug":"trasladan-el-deposito-de-vehiculos-secuestrados","status":"publish","type":"post","link":"https:\/\/eldiariodesanpedro.com.ar\/sitio\/trasladan-el-deposito-de-vehiculos-secuestrados\/","title":{"rendered":"Trasladan el dep\u00f3sito de veh\u00edculos secuestrados"},"content":{"rendered":"<!-- VideographyWP Plugin Message: Automatic video embedding prevented by plugin options. -->\n\n<p>As\u00ed lo confirm\u00f3 el secretario de seguridad Diego Solanas en el aire de FM G\u00e9nesis. El municipio volvi\u00f3 a alquilar el galp\u00f3n de la calle Saavedra al 700.<\/p>\n\n\n\n<p>En pocas semanas el dep\u00f3sito de veh\u00edculos secuestrados que posee la municipalidad en los galpones ubicado en cercan\u00edas de la ex planta Coplac sobre Crucero General Belgrano se trasladar\u00e1 a otro punto de la ciudad.<\/p>\n\n\n\n<p>Hace pocos d\u00edas el secretario de seguridad Diego Solanas confirm\u00f3 en el aire de FM G\u00e9nesis que dejar\u00e1n las dependencias que en alg\u00fan momento tambi\u00e9n funcionaron como dep\u00f3sitos fiscales y todos los veh\u00edculos secuestrados ir\u00e1n a parar a otra propiedad.<\/p>\n\n\n\n<p>En este caso la municipalidad volvi\u00f3 a alquilar el primer galp\u00f3n que tuvo y donde se depositaban los veh\u00edculos secuestrados, el que se encuentra ubicado sobre la calle Saavedra al 700 con salida sobre la calle Quiroga.<\/p>\n\n\n\n<p>En pocas semanas comenzar\u00e1 el traslado de veh\u00edculos a la nueva dependencia pero antes se har\u00e1 una evaluaci\u00f3n y se realizar\u00e1 un compactado de veh\u00edculos como ya sucedi\u00f3 en otro momento, as\u00ed se podr\u00e1 disponer de m\u00e1s lugar para depositar los rodados incautados.<\/p>\n\n\n\n<p>Fuente: <a href=\"https:\/\/www.sanpedroinforma.com.ar\/news-125262-trasladan-el-dep%C3%B3sito-de-veh%C3%ADculos-secuestrados\">San Pedro Informa<\/a><\/p>\n","protected":false},"excerpt":{"rendered":"<p>As\u00ed lo confirm\u00f3 el secretario de seguridad Diego Solanas en el aire de FM G\u00e9nesis. El municipio volvi\u00f3 a alquilar el galp\u00f3n de la calle Saavedra al 700. En pocas semanas el dep\u00f3sito de veh\u00edculos secuestrados que posee la municipalidad en los galpones ubicado en cercan\u00edas de la ex planta Coplac sobre Crucero General Belgrano [&hellip;]<\/p>\n","protected":false},"author":4,"featured_media":110688,"comment_status":"closed","ping_status":"closed","sticky":false,"template":"","format":"standard","meta":{"om_disable_all_campaigns":false,"_jetpack_memberships_contains_paid_content":false,"footnotes":""},"categories":[50,101,2],"tags":[197,696,33,19,3029],"class_list":["post-110687","post","type-post","status-publish","format-standard","has-post-thumbnail","hentry","category-destacadas","category-interes-general-locales","category-locales","tag-buenos-aires","tag-interes-general","tag-locales","tag-san-pedro","tag-trasladan-el-deposito-de-vehiculos-secuestrados"],"aioseo_notices":[],"gutentor_comment":0,"jetpack_featured_media_url":"https:\/\/eldiariodesanpedro.com.ar\/sitio\/wp-content\/uploads\/2022\/09\/0000021240-resized-1920x1080-1.jpg","jetpack_shortlink":"https:\/\/wp.me\/p6RhLt-sNh","jetpack_sharing_enabled":true,"_links":{"self":[{"href":"https:\/\/eldiariodesanpedro.com.ar\/sitio\/wp-json\/wp\/v2\/posts\/110687","targetHints":{"allow":["GET"]}}],"collection":[{"href":"https:\/\/eldiariodesanpedro.com.ar\/sitio\/wp-json\/wp\/v2\/posts"}],"about":[{"href":"https:\/\/eldiariodesanpedro.com.ar\/sitio\/wp-json\/wp\/v2\/types\/post"}],"author":[{"embeddable":true,"href":"https:\/\/eldiariodesanpedro.com.ar\/sitio\/wp-json\/wp\/v2\/users\/4"}],"replies":[{"embeddable":true,"href":"https:\/\/eldiariodesanpedro.com.ar\/sitio\/wp-json\/wp\/v2\/comments?post=110687"}],"version-history":[{"count":1,"href":"https:\/\/eldiariodesanpedro.com.ar\/sitio\/wp-json\/wp\/v2\/posts\/110687\/revisions"}],"predecessor-version":[{"id":110689,"href":"https:\/\/eldiariodesanpedro.com.ar\/sitio\/wp-json\/wp\/v2\/posts\/110687\/revisions\/110689"}],"wp:featuredmedia":[{"embeddable":true,"href":"https:\/\/eldiariodesanpedro.com.ar\/sitio\/wp-json\/wp\/v2\/media\/110688"}],"wp:attachment":[{"href":"https:\/\/eldiariodesanpedro.com.ar\/sitio\/wp-json\/wp\/v2\/media?parent=110687"}],"wp:term":[{"taxonomy":"category","embeddable":true,"href":"https:\/\/eldiariodesanpedro.com.ar\/sitio\/wp-json\/wp\/v2\/categories?post=110687"},{"taxonomy":"post_tag","embeddable":true,"href":"https:\/\/eldiariodesanpedro.com.ar\/sitio\/wp-json\/wp\/v2\/tags?post=110687"}],"curies":[{"name":"wp","href":"https:\/\/api.w.org\/{rel}","templated":true}]}}