{"id":110682,"date":"2022-09-15T14:04:20","date_gmt":"2022-09-15T17:04:20","guid":{"rendered":"https:\/\/eldiariodesanpedro.com.ar\/sitio\/?p=110682"},"modified":"2022-09-15T14:04:21","modified_gmt":"2022-09-15T17:04:21","slug":"san-pedro-presentes-en-el-encuentro-de-jovenes-que-se-desarrollo-en-tecnopolis-juventudes-debaten-y-construyen-futuro","status":"publish","type":"post","link":"https:\/\/eldiariodesanpedro.com.ar\/sitio\/san-pedro-presentes-en-el-encuentro-de-jovenes-que-se-desarrollo-en-tecnopolis-juventudes-debaten-y-construyen-futuro\/","title":{"rendered":"San Pedro presentes en el Encuentro de J\u00f3venes que se desarroll\u00f3 en Tecn\u00f3polis: Juventudes debaten y construyen futuro"},"content":{"rendered":"<!-- VideographyWP Plugin Message: Automatic video embedding prevented by plugin options. -->\n\n<p>A trav\u00e9s del Programa Centros Juveniles, j\u00f3venes pertenecientes al Programa Envi\u00f3n participaron del encuentro \u201cLas Juventudes debaten y construyen futuro\u201d, que se desarroll\u00f3 el mi\u00e9rcoles 14 de septiembre en Tecn\u00f3polis.<\/p>\n\n\n\n<p>El evento cont\u00f3 con la participaci\u00f3n de 3000 j\u00f3venes bonaerenses pertenecientes a los Programas Envi\u00f3n, Centros Juveniles, CEC y CASAS, quienes formaron parte de los talleres y debates referentes a tem\u00e1ticas como G\u00e9nero y Diversidad, Derechos Humanos, Medio Ambiente, Salud, Trabajo y Transporte con el objetivo de hacer o\u00edr las voces de los j\u00f3venes pertenecientes a distintos territorios provinciales, e iniciar el camino hacia la Ley Integral de Promoci\u00f3n y Protecci\u00f3n de los y las j\u00f3venes de la Provincia de Buenos Aires.<\/p>\n\n\n\n<p>Estuvieron presentes el Gobernador Axel Kicillof, el Ministro de Desarrollo Comunitario, Andr\u00e9s Larroque, la Subsecretar\u00eda de Pol\u00edticas Sociales Juliana Petreigne y la Directora Provincial de Juventudes Ayeln L\u00f3pez.<\/p>\n\n\n\n<p>Esta actividad forma parte de una serie de acciones que se vienen promoviendo desde la Secretaria de Desarrollo Humano de la Municipalidad de San Pedro, tendientes a atender las necesidades de las adolescencias y juventudes. Actualmente a la implementaci\u00f3n del Programa Envi\u00f3n, que cuenta con 5 sedes, se sum\u00f3 Centros Juveniles inaugurada recientemente la primera sede en la Localidad de Santa Lucia y los Programas Barrio Adentro y Autonom\u00eda Joven, dependientes del Organismo Provincial Ni\u00f1ez, Adolescencia y Familia.<\/p>\n\n\n\n<figure class=\"wp-block-image size-full\"><img decoding=\"async\" width=\"685\" height=\"630\" data-attachment-id=\"110683\" data-permalink=\"https:\/\/eldiariodesanpedro.com.ar\/sitio\/san-pedro-presentes-en-el-encuentro-de-jovenes-que-se-desarrollo-en-tecnopolis-juventudes-debaten-y-construyen-futuro\/whatsapp-image-2022-09-15-at-13-11-59\/\" data-orig-file=\"https:\/\/eldiariodesanpedro.com.ar\/sitio\/wp-content\/uploads\/2022\/09\/WhatsApp-Image-2022-09-15-at-13.11.59.jpeg\" data-orig-size=\"685,630\" data-comments-opened=\"0\" data-image-meta=\"{&quot;aperture&quot;:&quot;0&quot;,&quot;credit&quot;:&quot;&quot;,&quot;camera&quot;:&quot;&quot;,&quot;caption&quot;:&quot;&quot;,&quot;created_timestamp&quot;:&quot;0&quot;,&quot;copyright&quot;:&quot;&quot;,&quot;focal_length&quot;:&quot;0&quot;,&quot;iso&quot;:&quot;0&quot;,&quot;shutter_speed&quot;:&quot;0&quot;,&quot;title&quot;:&quot;&quot;,&quot;orientation&quot;:&quot;0&quot;}\" data-image-title=\"WhatsApp Image 2022-09-15 at 13.11.59\" data-image-description=\"\" data-image-caption=\"\" data-large-file=\"https:\/\/eldiariodesanpedro.com.ar\/sitio\/wp-content\/uploads\/2022\/09\/WhatsApp-Image-2022-09-15-at-13.11.59.jpeg\" data-src=\"https:\/\/eldiariodesanpedro.com.ar\/sitio\/wp-content\/uploads\/2022\/09\/WhatsApp-Image-2022-09-15-at-13.11.59.jpeg\" alt=\"\" class=\"wp-image-110683 lazyload\" data-srcset=\"https:\/\/eldiariodesanpedro.com.ar\/sitio\/wp-content\/uploads\/2022\/09\/WhatsApp-Image-2022-09-15-at-13.11.59.jpeg 685w, https:\/\/eldiariodesanpedro.com.ar\/sitio\/wp-content\/uploads\/2022\/09\/WhatsApp-Image-2022-09-15-at-13.11.59-300x276.jpeg 300w\" data-sizes=\"(max-width: 685px) 100vw, 685px\" src=\"data:image\/svg+xml;base64,PHN2ZyB3aWR0aD0iMSIgaGVpZ2h0PSIxIiB4bWxucz0iaHR0cDovL3d3dy53My5vcmcvMjAwMC9zdmciPjwvc3ZnPg==\" style=\"--smush-placeholder-width: 685px; --smush-placeholder-aspect-ratio: 685\/630;\" \/><\/figure>\n\n\n\n<figure class=\"wp-block-image size-large\"><img decoding=\"async\" width=\"1024\" height=\"534\" data-attachment-id=\"110685\" data-permalink=\"https:\/\/eldiariodesanpedro.com.ar\/sitio\/san-pedro-presentes-en-el-encuentro-de-jovenes-que-se-desarrollo-en-tecnopolis-juventudes-debaten-y-construyen-futuro\/whatsapp-image-2022-09-15-at-13-12-04\/\" data-orig-file=\"https:\/\/eldiariodesanpedro.com.ar\/sitio\/wp-content\/uploads\/2022\/09\/WhatsApp-Image-2022-09-15-at-13.12.04.jpeg\" data-orig-size=\"1200,626\" data-comments-opened=\"0\" data-image-meta=\"{&quot;aperture&quot;:&quot;0&quot;,&quot;credit&quot;:&quot;&quot;,&quot;camera&quot;:&quot;&quot;,&quot;caption&quot;:&quot;&quot;,&quot;created_timestamp&quot;:&quot;0&quot;,&quot;copyright&quot;:&quot;&quot;,&quot;focal_length&quot;:&quot;0&quot;,&quot;iso&quot;:&quot;0&quot;,&quot;shutter_speed&quot;:&quot;0&quot;,&quot;title&quot;:&quot;&quot;,&quot;orientation&quot;:&quot;0&quot;}\" data-image-title=\"WhatsApp Image 2022-09-15 at 13.12.04\" data-image-description=\"\" data-image-caption=\"\" data-large-file=\"https:\/\/eldiariodesanpedro.com.ar\/sitio\/wp-content\/uploads\/2022\/09\/WhatsApp-Image-2022-09-15-at-13.12.04-1024x534.jpeg\" data-src=\"https:\/\/eldiariodesanpedro.com.ar\/sitio\/wp-content\/uploads\/2022\/09\/WhatsApp-Image-2022-09-15-at-13.12.04-1024x534.jpeg\" alt=\"\" class=\"wp-image-110685 lazyload\" data-srcset=\"https:\/\/eldiariodesanpedro.com.ar\/sitio\/wp-content\/uploads\/2022\/09\/WhatsApp-Image-2022-09-15-at-13.12.04-1024x534.jpeg 1024w, https:\/\/eldiariodesanpedro.com.ar\/sitio\/wp-content\/uploads\/2022\/09\/WhatsApp-Image-2022-09-15-at-13.12.04-300x157.jpeg 300w, https:\/\/eldiariodesanpedro.com.ar\/sitio\/wp-content\/uploads\/2022\/09\/WhatsApp-Image-2022-09-15-at-13.12.04-768x401.jpeg 768w, https:\/\/eldiariodesanpedro.com.ar\/sitio\/wp-content\/uploads\/2022\/09\/WhatsApp-Image-2022-09-15-at-13.12.04.jpeg 1200w\" data-sizes=\"(max-width: 1024px) 100vw, 1024px\" src=\"data:image\/svg+xml;base64,PHN2ZyB3aWR0aD0iMSIgaGVpZ2h0PSIxIiB4bWxucz0iaHR0cDovL3d3dy53My5vcmcvMjAwMC9zdmciPjwvc3ZnPg==\" style=\"--smush-placeholder-width: 1024px; --smush-placeholder-aspect-ratio: 1024\/534;\" \/><\/figure>\n","protected":false},"excerpt":{"rendered":"<p>A trav\u00e9s del Programa Centros Juveniles, j\u00f3venes pertenecientes al Programa Envi\u00f3n participaron del encuentro \u201cLas Juventudes debaten y construyen futuro\u201d, que se desarroll\u00f3 el mi\u00e9rcoles 14 de septiembre en Tecn\u00f3polis. El evento cont\u00f3 con la participaci\u00f3n de 3000 j\u00f3venes bonaerenses pertenecientes a los Programas Envi\u00f3n, Centros Juveniles, CEC y CASAS, quienes formaron parte de los [&hellip;]<\/p>\n","protected":false},"author":4,"featured_media":110684,"comment_status":"closed","ping_status":"closed","sticky":false,"template":"","format":"standard","meta":{"om_disable_all_campaigns":false,"_jetpack_memberships_contains_paid_content":false,"footnotes":""},"categories":[101,2],"tags":[],"class_list":["post-110682","post","type-post","status-publish","format-standard","has-post-thumbnail","hentry","category-interes-general-locales","category-locales"],"aioseo_notices":[],"gutentor_comment":0,"jetpack_featured_media_url":"https:\/\/eldiariodesanpedro.com.ar\/sitio\/wp-content\/uploads\/2022\/09\/WhatsApp-Image-2022-09-15-at-13.12.02.jpeg","jetpack_shortlink":"https:\/\/wp.me\/p6RhLt-sNc","jetpack_sharing_enabled":true,"_links":{"self":[{"href":"https:\/\/eldiariodesanpedro.com.ar\/sitio\/wp-json\/wp\/v2\/posts\/110682","targetHints":{"allow":["GET"]}}],"collection":[{"href":"https:\/\/eldiariodesanpedro.com.ar\/sitio\/wp-json\/wp\/v2\/posts"}],"about":[{"href":"https:\/\/eldiariodesanpedro.com.ar\/sitio\/wp-json\/wp\/v2\/types\/post"}],"author":[{"embeddable":true,"href":"https:\/\/eldiariodesanpedro.com.ar\/sitio\/wp-json\/wp\/v2\/users\/4"}],"replies":[{"embeddable":true,"href":"https:\/\/eldiariodesanpedro.com.ar\/sitio\/wp-json\/wp\/v2\/comments?post=110682"}],"version-history":[{"count":1,"href":"https:\/\/eldiariodesanpedro.com.ar\/sitio\/wp-json\/wp\/v2\/posts\/110682\/revisions"}],"predecessor-version":[{"id":110686,"href":"https:\/\/eldiariodesanpedro.com.ar\/sitio\/wp-json\/wp\/v2\/posts\/110682\/revisions\/110686"}],"wp:featuredmedia":[{"embeddable":true,"href":"https:\/\/eldiariodesanpedro.com.ar\/sitio\/wp-json\/wp\/v2\/media\/110684"}],"wp:attachment":[{"href":"https:\/\/eldiariodesanpedro.com.ar\/sitio\/wp-json\/wp\/v2\/media?parent=110682"}],"wp:term":[{"taxonomy":"category","embeddable":true,"href":"https:\/\/eldiariodesanpedro.com.ar\/sitio\/wp-json\/wp\/v2\/categories?post=110682"},{"taxonomy":"post_tag","embeddable":true,"href":"https:\/\/eldiariodesanpedro.com.ar\/sitio\/wp-json\/wp\/v2\/tags?post=110682"}],"curies":[{"name":"wp","href":"https:\/\/api.w.org\/{rel}","templated":true}]}}