{"id":110660,"date":"2022-09-15T11:45:41","date_gmt":"2022-09-15T14:45:41","guid":{"rendered":"https:\/\/eldiariodesanpedro.com.ar\/sitio\/?p=110660"},"modified":"2022-09-15T11:45:42","modified_gmt":"2022-09-15T14:45:42","slug":"comenzo-el-curso-del-programa-ampliado-de-inmunizaciones","status":"publish","type":"post","link":"https:\/\/eldiariodesanpedro.com.ar\/sitio\/comenzo-el-curso-del-programa-ampliado-de-inmunizaciones\/","title":{"rendered":"Comenz\u00f3 el curso del Programa Ampliado de Inmunizaciones"},"content":{"rendered":"<!-- VideographyWP Plugin Message: Automatic video embedding prevented by plugin options. -->\n\n<p>Este mi\u00e9rcoles dio inicio en el CIC el curso que llevado a cabo por la Secretar\u00eda de Salud dirigido a enfermeras, licenciados, estudiantes avanzados de enfermer\u00eda y medicina que otorga certificado PAI.<\/p>\n\n\n\n<p>Dictado por la Dra. Silvana Morales, el curso que cuenta con 75 inscriptos se desarrollar\u00e1 durante 6 clases de 2 m\u00f3dulos cada una, 2 talleres para las pr\u00e1cticas y un examen final. Quienes deseen inscribirse pueden hacerlo a trav\u00e9s de la Secretar\u00eda de Salud de la Municipalidad de San Pedro ubicada en B. Mitre 373.<\/p>\n\n\n\n<p>Para consultas e informaci\u00f3n contactar por tel\u00e9fono o WhatsApp al 3329 69-3832<\/p>\n\n\n\n<figure class=\"wp-block-image size-full\"><img decoding=\"async\" width=\"473\" height=\"630\" data-attachment-id=\"110661\" data-permalink=\"https:\/\/eldiariodesanpedro.com.ar\/sitio\/comenzo-el-curso-del-programa-ampliado-de-inmunizaciones\/whatsapp-image-2022-09-15-at-10-08-50\/\" data-orig-file=\"https:\/\/eldiariodesanpedro.com.ar\/sitio\/wp-content\/uploads\/2022\/09\/WhatsApp-Image-2022-09-15-at-10.08.50.jpeg\" data-orig-size=\"473,630\" data-comments-opened=\"0\" data-image-meta=\"{&quot;aperture&quot;:&quot;0&quot;,&quot;credit&quot;:&quot;&quot;,&quot;camera&quot;:&quot;&quot;,&quot;caption&quot;:&quot;&quot;,&quot;created_timestamp&quot;:&quot;0&quot;,&quot;copyright&quot;:&quot;&quot;,&quot;focal_length&quot;:&quot;0&quot;,&quot;iso&quot;:&quot;0&quot;,&quot;shutter_speed&quot;:&quot;0&quot;,&quot;title&quot;:&quot;&quot;,&quot;orientation&quot;:&quot;0&quot;}\" data-image-title=\"WhatsApp Image 2022-09-15 at 10.08.50\" data-image-description=\"\" data-image-caption=\"\" data-large-file=\"https:\/\/eldiariodesanpedro.com.ar\/sitio\/wp-content\/uploads\/2022\/09\/WhatsApp-Image-2022-09-15-at-10.08.50.jpeg\" data-src=\"https:\/\/eldiariodesanpedro.com.ar\/sitio\/wp-content\/uploads\/2022\/09\/WhatsApp-Image-2022-09-15-at-10.08.50.jpeg\" alt=\"\" class=\"wp-image-110661 lazyload\" data-srcset=\"https:\/\/eldiariodesanpedro.com.ar\/sitio\/wp-content\/uploads\/2022\/09\/WhatsApp-Image-2022-09-15-at-10.08.50.jpeg 473w, https:\/\/eldiariodesanpedro.com.ar\/sitio\/wp-content\/uploads\/2022\/09\/WhatsApp-Image-2022-09-15-at-10.08.50-225x300.jpeg 225w\" data-sizes=\"(max-width: 473px) 100vw, 473px\" src=\"data:image\/svg+xml;base64,PHN2ZyB3aWR0aD0iMSIgaGVpZ2h0PSIxIiB4bWxucz0iaHR0cDovL3d3dy53My5vcmcvMjAwMC9zdmciPjwvc3ZnPg==\" style=\"--smush-placeholder-width: 473px; --smush-placeholder-aspect-ratio: 473\/630;\" \/><\/figure>\n","protected":false},"excerpt":{"rendered":"<p>Este mi\u00e9rcoles dio inicio en el CIC el curso que llevado a cabo por la Secretar\u00eda de Salud dirigido a enfermeras, licenciados, estudiantes avanzados de enfermer\u00eda y medicina que otorga certificado PAI. Dictado por la Dra. Silvana Morales, el curso que cuenta con 75 inscriptos se desarrollar\u00e1 durante 6 clases de 2 m\u00f3dulos cada una, [&hellip;]<\/p>\n","protected":false},"author":4,"featured_media":110662,"comment_status":"closed","ping_status":"closed","sticky":false,"template":"","format":"standard","meta":{"om_disable_all_campaigns":false,"_jetpack_memberships_contains_paid_content":false,"footnotes":""},"categories":[101,2],"tags":[197,696,33,19],"class_list":["post-110660","post","type-post","status-publish","format-standard","has-post-thumbnail","hentry","category-interes-general-locales","category-locales","tag-buenos-aires","tag-interes-general","tag-locales","tag-san-pedro"],"aioseo_notices":[],"gutentor_comment":0,"jetpack_featured_media_url":"https:\/\/eldiariodesanpedro.com.ar\/sitio\/wp-content\/uploads\/2022\/09\/WhatsApp-Image-2022-09-15-at-10.08.52.jpeg","jetpack_shortlink":"https:\/\/wp.me\/p6RhLt-sMQ","jetpack_sharing_enabled":true,"_links":{"self":[{"href":"https:\/\/eldiariodesanpedro.com.ar\/sitio\/wp-json\/wp\/v2\/posts\/110660","targetHints":{"allow":["GET"]}}],"collection":[{"href":"https:\/\/eldiariodesanpedro.com.ar\/sitio\/wp-json\/wp\/v2\/posts"}],"about":[{"href":"https:\/\/eldiariodesanpedro.com.ar\/sitio\/wp-json\/wp\/v2\/types\/post"}],"author":[{"embeddable":true,"href":"https:\/\/eldiariodesanpedro.com.ar\/sitio\/wp-json\/wp\/v2\/users\/4"}],"replies":[{"embeddable":true,"href":"https:\/\/eldiariodesanpedro.com.ar\/sitio\/wp-json\/wp\/v2\/comments?post=110660"}],"version-history":[{"count":1,"href":"https:\/\/eldiariodesanpedro.com.ar\/sitio\/wp-json\/wp\/v2\/posts\/110660\/revisions"}],"predecessor-version":[{"id":110663,"href":"https:\/\/eldiariodesanpedro.com.ar\/sitio\/wp-json\/wp\/v2\/posts\/110660\/revisions\/110663"}],"wp:featuredmedia":[{"embeddable":true,"href":"https:\/\/eldiariodesanpedro.com.ar\/sitio\/wp-json\/wp\/v2\/media\/110662"}],"wp:attachment":[{"href":"https:\/\/eldiariodesanpedro.com.ar\/sitio\/wp-json\/wp\/v2\/media?parent=110660"}],"wp:term":[{"taxonomy":"category","embeddable":true,"href":"https:\/\/eldiariodesanpedro.com.ar\/sitio\/wp-json\/wp\/v2\/categories?post=110660"},{"taxonomy":"post_tag","embeddable":true,"href":"https:\/\/eldiariodesanpedro.com.ar\/sitio\/wp-json\/wp\/v2\/tags?post=110660"}],"curies":[{"name":"wp","href":"https:\/\/api.w.org\/{rel}","templated":true}]}}