{"id":110642,"date":"2022-09-15T11:15:32","date_gmt":"2022-09-15T14:15:32","guid":{"rendered":"https:\/\/eldiariodesanpedro.com.ar\/sitio\/?p=110642"},"modified":"2022-09-15T11:15:33","modified_gmt":"2022-09-15T14:15:33","slug":"centro-de-comercio-y-camara-de-martilleros-comienzan-a-proyectar-un-san-pedro-para-los-proximos-30-anos","status":"publish","type":"post","link":"https:\/\/eldiariodesanpedro.com.ar\/sitio\/centro-de-comercio-y-camara-de-martilleros-comienzan-a-proyectar-un-san-pedro-para-los-proximos-30-anos\/","title":{"rendered":"Centro de Comercio y C\u00e1mara de Martilleros comienzan a proyectar un San Pedro para los pr\u00f3ximos 30 a\u00f1os"},"content":{"rendered":"<!-- VideographyWP Plugin Message: Automatic video embedding prevented by plugin options. -->\n\n<p>La Comisi\u00f3n Directiva del Centro de Comercio Industria y Turismo recibi\u00f3 a representantes de la C\u00e1mara de Martilleros y Corredores P\u00fablicos de San Pedro que adem\u00e1s cuenta entre sus integrantes con el Presidente del Colegio Profesional de San Nicol\u00e1s.<\/p>\n\n\n\n<p>Coincidiendo con acciones de planificaci\u00f3n para el mediano y largo plazo, la entidad a punto de ingresar en sus 90 a\u00f1os de presencia y participaci\u00f3n en la vida sampedrina viene planteando con colegios, c\u00e1maras y organizaciones de la comunidad para definir ejes tem\u00e1ticos que permitan analizar m\u00e1s all\u00e1 de la coyuntura cotidiana, las perspectivas de desarrollo de la regi\u00f3n en sus diferentes \u00e1mbitos, para los pr\u00f3ximos 30 a\u00f1os.<\/p>\n\n\n\n<p>En esta agenda, la C\u00e1mara de Martilleros de San Pedro tambi\u00e9n se ha planteado un objetivo similar que ha generado reuniones con diferentes colegios profesionales de rubros conexos, autoridades municipales y empresarios, para solicitar gestiones gubernamentales pero al mismo tiempo proponer medidas concretas que faciliten la concreci\u00f3n y el desarrollo de inversiones.<\/p>\n\n\n\n<p>El presidente del CCIT agradeci\u00f3 al Presidente del Colegio de San Nicol\u00e1s y miembro de la c\u00e1mara local Jos\u00e9 Cremona y al Presidente de la c\u00e1mara sampedrina Daniel Churruar\u00edn la voluntad de comenzar a transitar en conjunto este an\u00e1lisis que ya gener\u00f3 temas puntuales para los que se ir\u00e1n realizando diferentes actividades conjuntas.<\/p>\n\n\n\n<p>El Centro de Comercio Industria y Turismo prepara para el recorrido hacia los 90 a\u00f1os que cumplir\u00e1 en el 2023 un calendario de encuentros, reuniones, charlas y actividades para sus socios y para la comunidad en general buscando como siempre que a partir de la participaci\u00f3n de todos los sectores que forman parte de la vida institucional, econ\u00f3mica y cultural de la ciudad se genere una renovaci\u00f3n de su v\u00ednculo con la comunidad para que a partir de esa fortaleza puedan sumarse nuevas oportunidades para San Pedro y su zona de influencia.<\/p>\n","protected":false},"excerpt":{"rendered":"<p>La Comisi\u00f3n Directiva del Centro de Comercio Industria y Turismo recibi\u00f3 a representantes de la C\u00e1mara de Martilleros y Corredores P\u00fablicos de San Pedro que adem\u00e1s cuenta entre sus integrantes con el Presidente del Colegio Profesional de San Nicol\u00e1s. Coincidiendo con acciones de planificaci\u00f3n para el mediano y largo plazo, la entidad a punto de [&hellip;]<\/p>\n","protected":false},"author":4,"featured_media":110643,"comment_status":"closed","ping_status":"closed","sticky":false,"template":"","format":"standard","meta":{"om_disable_all_campaigns":false,"_jetpack_memberships_contains_paid_content":false,"footnotes":""},"categories":[101,2],"tags":[197,696,33,19],"class_list":["post-110642","post","type-post","status-publish","format-standard","has-post-thumbnail","hentry","category-interes-general-locales","category-locales","tag-buenos-aires","tag-interes-general","tag-locales","tag-san-pedro"],"aioseo_notices":[],"gutentor_comment":0,"jetpack_featured_media_url":"https:\/\/eldiariodesanpedro.com.ar\/sitio\/wp-content\/uploads\/2022\/09\/ccit-camara1.jpeg","jetpack_shortlink":"https:\/\/wp.me\/p6RhLt-sMy","jetpack_sharing_enabled":true,"_links":{"self":[{"href":"https:\/\/eldiariodesanpedro.com.ar\/sitio\/wp-json\/wp\/v2\/posts\/110642","targetHints":{"allow":["GET"]}}],"collection":[{"href":"https:\/\/eldiariodesanpedro.com.ar\/sitio\/wp-json\/wp\/v2\/posts"}],"about":[{"href":"https:\/\/eldiariodesanpedro.com.ar\/sitio\/wp-json\/wp\/v2\/types\/post"}],"author":[{"embeddable":true,"href":"https:\/\/eldiariodesanpedro.com.ar\/sitio\/wp-json\/wp\/v2\/users\/4"}],"replies":[{"embeddable":true,"href":"https:\/\/eldiariodesanpedro.com.ar\/sitio\/wp-json\/wp\/v2\/comments?post=110642"}],"version-history":[{"count":1,"href":"https:\/\/eldiariodesanpedro.com.ar\/sitio\/wp-json\/wp\/v2\/posts\/110642\/revisions"}],"predecessor-version":[{"id":110644,"href":"https:\/\/eldiariodesanpedro.com.ar\/sitio\/wp-json\/wp\/v2\/posts\/110642\/revisions\/110644"}],"wp:featuredmedia":[{"embeddable":true,"href":"https:\/\/eldiariodesanpedro.com.ar\/sitio\/wp-json\/wp\/v2\/media\/110643"}],"wp:attachment":[{"href":"https:\/\/eldiariodesanpedro.com.ar\/sitio\/wp-json\/wp\/v2\/media?parent=110642"}],"wp:term":[{"taxonomy":"category","embeddable":true,"href":"https:\/\/eldiariodesanpedro.com.ar\/sitio\/wp-json\/wp\/v2\/categories?post=110642"},{"taxonomy":"post_tag","embeddable":true,"href":"https:\/\/eldiariodesanpedro.com.ar\/sitio\/wp-json\/wp\/v2\/tags?post=110642"}],"curies":[{"name":"wp","href":"https:\/\/api.w.org\/{rel}","templated":true}]}}