{"id":110640,"date":"2022-09-15T11:13:17","date_gmt":"2022-09-15T14:13:17","guid":{"rendered":"https:\/\/eldiariodesanpedro.com.ar\/sitio\/?p=110640"},"modified":"2022-09-15T11:13:18","modified_gmt":"2022-09-15T14:13:18","slug":"corte-de-energia-programado-para-este-viernes-2","status":"publish","type":"post","link":"https:\/\/eldiariodesanpedro.com.ar\/sitio\/corte-de-energia-programado-para-este-viernes-2\/","title":{"rendered":"Corte de energ\u00eda programado para este viernes"},"content":{"rendered":"<!-- VideographyWP Plugin Message: Automatic video embedding prevented by plugin options. -->\n\n<p>COOPSER informa que este&nbsp;<strong>viernes 16 de septiembre<\/strong>&nbsp;se realizar\u00e1 un corte programado de energ\u00eda por tareas de mantenimiento y poda.<\/p>\n\n\n\n<p>Comprender\u00e1 la zona de influencia del Transformador 129 ubicado en Crucero General Belgrano 1950.<\/p>\n\n\n\n<p><strong>No tendr\u00e1n suministro el\u00e9ctrico entre las 8.00hs y las 9:30 hs:<\/strong><\/p>\n\n\n\n<p>Crucero General Belgrano desde 1900 al 2700 (desde Frers hasta Benito Urraco en ambas manos).<\/p>\n\n\n\n<p>Calle 58 y calle 60 desde 1900 al 2700.<\/p>\n\n\n\n<p>Urraco y Calle Frers desde el 2700 al 3100.<\/p>\n\n\n\n<p><strong>En caso de mal tiempo las tareas ser\u00e1n reprogramadas.<\/strong><\/p>\n","protected":false},"excerpt":{"rendered":"<p>COOPSER informa que este&nbsp;viernes 16 de septiembre&nbsp;se realizar\u00e1 un corte programado de energ\u00eda por tareas de mantenimiento y poda. Comprender\u00e1 la zona de influencia del Transformador 129 ubicado en Crucero General Belgrano 1950. No tendr\u00e1n suministro el\u00e9ctrico entre las 8.00hs y las 9:30 hs: Crucero General Belgrano desde 1900 al 2700 (desde Frers hasta Benito [&hellip;]<\/p>\n","protected":false},"author":4,"featured_media":86002,"comment_status":"closed","ping_status":"closed","sticky":false,"template":"","format":"standard","meta":{"om_disable_all_campaigns":false,"_jetpack_memberships_contains_paid_content":false,"footnotes":""},"categories":[101,2],"tags":[197,696,33,19],"class_list":["post-110640","post","type-post","status-publish","format-standard","has-post-thumbnail","hentry","category-interes-general-locales","category-locales","tag-buenos-aires","tag-interes-general","tag-locales","tag-san-pedro"],"aioseo_notices":[],"gutentor_comment":0,"jetpack_featured_media_url":"https:\/\/eldiariodesanpedro.com.ar\/sitio\/wp-content\/uploads\/2021\/01\/coopser_6.jpg","jetpack_shortlink":"https:\/\/wp.me\/p6RhLt-sMw","jetpack_sharing_enabled":true,"_links":{"self":[{"href":"https:\/\/eldiariodesanpedro.com.ar\/sitio\/wp-json\/wp\/v2\/posts\/110640","targetHints":{"allow":["GET"]}}],"collection":[{"href":"https:\/\/eldiariodesanpedro.com.ar\/sitio\/wp-json\/wp\/v2\/posts"}],"about":[{"href":"https:\/\/eldiariodesanpedro.com.ar\/sitio\/wp-json\/wp\/v2\/types\/post"}],"author":[{"embeddable":true,"href":"https:\/\/eldiariodesanpedro.com.ar\/sitio\/wp-json\/wp\/v2\/users\/4"}],"replies":[{"embeddable":true,"href":"https:\/\/eldiariodesanpedro.com.ar\/sitio\/wp-json\/wp\/v2\/comments?post=110640"}],"version-history":[{"count":1,"href":"https:\/\/eldiariodesanpedro.com.ar\/sitio\/wp-json\/wp\/v2\/posts\/110640\/revisions"}],"predecessor-version":[{"id":110641,"href":"https:\/\/eldiariodesanpedro.com.ar\/sitio\/wp-json\/wp\/v2\/posts\/110640\/revisions\/110641"}],"wp:featuredmedia":[{"embeddable":true,"href":"https:\/\/eldiariodesanpedro.com.ar\/sitio\/wp-json\/wp\/v2\/media\/86002"}],"wp:attachment":[{"href":"https:\/\/eldiariodesanpedro.com.ar\/sitio\/wp-json\/wp\/v2\/media?parent=110640"}],"wp:term":[{"taxonomy":"category","embeddable":true,"href":"https:\/\/eldiariodesanpedro.com.ar\/sitio\/wp-json\/wp\/v2\/categories?post=110640"},{"taxonomy":"post_tag","embeddable":true,"href":"https:\/\/eldiariodesanpedro.com.ar\/sitio\/wp-json\/wp\/v2\/tags?post=110640"}],"curies":[{"name":"wp","href":"https:\/\/api.w.org\/{rel}","templated":true}]}}