{"id":110622,"date":"2022-09-15T11:10:45","date_gmt":"2022-09-15T14:10:45","guid":{"rendered":"https:\/\/eldiariodesanpedro.com.ar\/sitio\/?p=110622"},"modified":"2022-09-15T11:10:46","modified_gmt":"2022-09-15T14:10:46","slug":"hallazgo-del-museo-paleontologico-de-san-pedro-en-historical-biology-reconocida-revista-del-ambito-cientifico-internacional","status":"publish","type":"post","link":"https:\/\/eldiariodesanpedro.com.ar\/sitio\/hallazgo-del-museo-paleontologico-de-san-pedro-en-historical-biology-reconocida-revista-del-ambito-cientifico-internacional\/","title":{"rendered":"Hallazgo del Museo Paleontol\u00f3gico de San Pedro en \u201cHistorical Biology\u201d, reconocida revista del \u00c1mbito Cient\u00edfico Internacional"},"content":{"rendered":"<!-- VideographyWP Plugin Message: Automatic video embedding prevented by plugin options. -->\n\n<p><strong>Es la descripci\u00f3n t\u00e9cnica de los restos del c\u00f3ndor prehist\u00f3rico gigante hallados en 2019, a unos 12 kil\u00f3metros de la ciudad, por el Grupo Conservacionista de F\u00f3siles.<\/strong><\/p>\n\n\n\n<p>En 2019, el equipo del Museo Paleontol\u00f3gico de San Pedro, acompa\u00f1ado por el Intendente Ram\u00f3n Salazar, representantes de la firma Ram\u00f3n Rosa SA y vecinos de nuestra ciudad, present\u00f3, en conferencia de prensa, el hallazgo de un c\u00f3ndor prehist\u00f3rico gigante, ocurrido en el establecimiento \u201c<em>La Paloma<\/em>\u201d.<\/p>\n\n\n\n<p>Los restos de la gran ave f\u00f3sil; un c\u00fabito, radio y otros fragmentos de una de las alas, fueron hallados por un equipo conformado por Jos\u00e9 Luis Aguilar, Julio Simonini, Javier Saucedo, Mat\u00edas Swistun, Bruno Zarlenga y Bruno Rolfo, quien fue el primero en divisar los restos.<\/p>\n\n\n\n<p>Durante todo este tiempo, el Dr. Federico Agnol\u00edn, el Lic. Federico&nbsp; Briss\u00f3n Egli y el Lic. Gerardo&nbsp; \u00c1lvarez\u2013Herrera (Laboratorio de Anatom\u00eda&nbsp; Comparada y&nbsp; Evoluci\u00f3n de los&nbsp; Vertebrados, Museo&nbsp; Argentino de&nbsp; Ciencias Naturales \u201cBernardino&nbsp; Rivadavia\u201d; Fundaci\u00f3n de Historia Natural \u201cF\u00e9lix de Azara\u201d, Departamento de Ciencias Naturales y Antropolog\u00eda, Universidad Maim\u00f3nides), investigaron y compararon al ave f\u00f3sil de San Pedro hasta llegar a publicar su conclusiones en la <strong>reconocida revista internacional<\/strong> <strong>\u201cHistorical Biology\u201d.<\/strong><\/p>\n\n\n\n<p><strong><em>\u201cHistorical Biology\u201d<\/em><\/strong>, con sede en Inglaterra, es una reconocid\u00edsima revista cient\u00edfica de proyecci\u00f3n internacional donde difunden sus trabajos y descubrimientos los m\u00e1s prestigiosos hombres de ciencia de diferentes pa\u00edses.<\/p>\n\n\n\n<p>El descubrimiento del Museo Paleontol\u00f3gico aparece bajo el t\u00edtulo \u201c<strong><em>Large condor (Aves, Cathartidae) from the Late Pleistocene of Buenos Aires Province, Argentina<\/em><\/strong>\u201d (Gran c\u00f3ndor (Aves, Cathartidae) del Pleistoceno Tard\u00edo de la Provincia de Buenos Aires, Argentina).<\/p>\n\n\n\n<p><img decoding=\"async\" width=\"478\" height=\"257\" src=\"\" alt=\"IMG_20220728_154940959_3.jpg\">La tarea conjunta entre museo, investigadores y propietarios del predio ha hecho posible llegar a comunicar a la comunidad paleontol\u00f3gica mundial, la <strong>existencia de un c\u00f3ndor prehist\u00f3rico gigante<\/strong> en el pasado de nuestra regi\u00f3n. Este hecho contribuye, adem\u00e1s, a seguir posicionando al Museo Paleontol\u00f3gico de San Pedro como un referente en la puesta en valor del patrimonio paleontol\u00f3gico de nuestro pa\u00eds; como as\u00ed tambi\u00e9n, a consolidar un recurso tur\u00edstico-cultural que atrae numerosos visitantes a conocer los descubrimientos en nuestra zona. &nbsp;<\/p>\n","protected":false},"excerpt":{"rendered":"<p>Es la descripci\u00f3n t\u00e9cnica de los restos del c\u00f3ndor prehist\u00f3rico gigante hallados en 2019, a unos 12 kil\u00f3metros de la ciudad, por el Grupo Conservacionista de F\u00f3siles. En 2019, el equipo del Museo Paleontol\u00f3gico de San Pedro, acompa\u00f1ado por el Intendente Ram\u00f3n Salazar, representantes de la firma Ram\u00f3n Rosa SA y vecinos de nuestra ciudad, [&hellip;]<\/p>\n","protected":false},"author":4,"featured_media":110638,"comment_status":"closed","ping_status":"closed","sticky":false,"template":"","format":"standard","meta":{"om_disable_all_campaigns":false,"_jetpack_memberships_contains_paid_content":false,"footnotes":""},"categories":[50,101,2],"tags":[197,696,33,19],"class_list":["post-110622","post","type-post","status-publish","format-standard","has-post-thumbnail","hentry","category-destacadas","category-interes-general-locales","category-locales","tag-buenos-aires","tag-interes-general","tag-locales","tag-san-pedro"],"aioseo_notices":[],"gutentor_comment":0,"jetpack_featured_media_url":"https:\/\/eldiariodesanpedro.com.ar\/sitio\/wp-content\/uploads\/2022\/09\/IMG_20220728_154940959_3.jpg","jetpack_shortlink":"https:\/\/wp.me\/p6RhLt-sMe","jetpack_sharing_enabled":true,"_links":{"self":[{"href":"https:\/\/eldiariodesanpedro.com.ar\/sitio\/wp-json\/wp\/v2\/posts\/110622","targetHints":{"allow":["GET"]}}],"collection":[{"href":"https:\/\/eldiariodesanpedro.com.ar\/sitio\/wp-json\/wp\/v2\/posts"}],"about":[{"href":"https:\/\/eldiariodesanpedro.com.ar\/sitio\/wp-json\/wp\/v2\/types\/post"}],"author":[{"embeddable":true,"href":"https:\/\/eldiariodesanpedro.com.ar\/sitio\/wp-json\/wp\/v2\/users\/4"}],"replies":[{"embeddable":true,"href":"https:\/\/eldiariodesanpedro.com.ar\/sitio\/wp-json\/wp\/v2\/comments?post=110622"}],"version-history":[{"count":1,"href":"https:\/\/eldiariodesanpedro.com.ar\/sitio\/wp-json\/wp\/v2\/posts\/110622\/revisions"}],"predecessor-version":[{"id":110639,"href":"https:\/\/eldiariodesanpedro.com.ar\/sitio\/wp-json\/wp\/v2\/posts\/110622\/revisions\/110639"}],"wp:featuredmedia":[{"embeddable":true,"href":"https:\/\/eldiariodesanpedro.com.ar\/sitio\/wp-json\/wp\/v2\/media\/110638"}],"wp:attachment":[{"href":"https:\/\/eldiariodesanpedro.com.ar\/sitio\/wp-json\/wp\/v2\/media?parent=110622"}],"wp:term":[{"taxonomy":"category","embeddable":true,"href":"https:\/\/eldiariodesanpedro.com.ar\/sitio\/wp-json\/wp\/v2\/categories?post=110622"},{"taxonomy":"post_tag","embeddable":true,"href":"https:\/\/eldiariodesanpedro.com.ar\/sitio\/wp-json\/wp\/v2\/tags?post=110622"}],"curies":[{"name":"wp","href":"https:\/\/api.w.org\/{rel}","templated":true}]}}