{"id":110619,"date":"2022-09-14T12:11:25","date_gmt":"2022-09-14T15:11:25","guid":{"rendered":"https:\/\/eldiariodesanpedro.com.ar\/sitio\/?p=110619"},"modified":"2022-09-14T12:11:26","modified_gmt":"2022-09-14T15:11:26","slug":"voytenco-arraso-en-el-congreso-de-la-uatre-y-adelanto-las-elecciones","status":"publish","type":"post","link":"https:\/\/eldiariodesanpedro.com.ar\/sitio\/voytenco-arraso-en-el-congreso-de-la-uatre-y-adelanto-las-elecciones\/","title":{"rendered":"Voytenco arras\u00f3 en el Congreso de la UATRE y adelant\u00f3 las elecciones"},"content":{"rendered":"<!-- VideographyWP Plugin Message: Automatic video embedding prevented by plugin options. -->\n\n<p>El l\u00edder de la Uni\u00f3n Argentina de Trabajadores Rurales y Estibadores (Uatre), Jos\u00e9 Voytenco, encabez\u00f3 el Congreso extraordinario del gremio y mostr\u00f3 una imponente mayor\u00eda. Revoc\u00f3 el mandato de los 3 dirigentes que hab\u00edan sido suspendidos por negociados con empresarios y adelant\u00f3 los comicios para refrendar su conducci\u00f3n: \u201cLes prometo volver a poner a la UATRE en lo m\u00e1s alto\u201d.<\/p>\n\n\n\n<p>Jos\u00e9 Voytenco, el secretario General de&nbsp;la Uni\u00f3n Argentina de Trabajadores Rurales y Estibadores (Uatre), encabez\u00f3 el Congreso Nacional Extraordinario realizado en las instalaciones de Parque Norte y consigui\u00f3 un contundente espaldarazo a su gesti\u00f3n.&nbsp;<\/p>\n\n\n\n<p>El chaque\u00f1o, que recibi\u00f3 el respaldo de Pablo Moyano, de Mario \u00abPaco\u00bb Manrique y de Cristian Jer\u00f3nimo, reuni\u00f3 a casi 400 de los 571 congresales nacionales de la organizaci\u00f3n y revoc\u00f3 el mandato de los 3 dirigentes que hab\u00edan sido suspendidos por tener negocios con empresarios incompatibles con su funci\u00f3n. Se trata de Mario Lastra, Roberto Petrocchi y Carlos Sa\u00fal Castro.&nbsp;<\/p>\n\n\n\n<p>\u00abNo los expulsamos, les revocamos el mandato para que, si quieren, puedan armar lista y presentarse a elecciones\u00bb, sostuvo Voytenco. Y agreg\u00f3: \u201cLes prometo volver a poner a la UATRE en lo m\u00e1s alto, tengamos el gremio que so\u00f1amos\u201d.\u00a0<\/p>\n\n\n\n<p>De hecho, tambi\u00e9n el congreso aprob\u00f3 el adelantamiento de elecciones para diciembre de este a\u00f1o. \u00abSi no est\u00e1n de acuerdo con esta UATRE federal e inclusiva que se presenten a elecciones y los vamos a llenar de votos. No vamos a permitir que los interesesde unos pocos est\u00e9n por encima de una organizaci\u00f3n tan grande como la UATRE\u00bb, desafi\u00f3 Voytenco.&nbsp;<\/p>\n\n\n\n<p>Adem\u00e1s, cuestion\u00f3 a un grupo de unos 100 dirigentes que provoc\u00f3 incidentes en la previa del encuentro arrojando gas pimienta y dejando como saldo 4 congresales que tuvieron que ser atendidos por el SAME. \u00abSe retiraron del Congreso y realizaron incidentes porque los n\u00fameros no les dan. No se merecen estar cobijados por esta organizaci\u00f3n gremial que protege a los trabajadores y sus familias\u00bb.&nbsp;<\/p>\n\n\n\n<p>Seg\u00fan consignaron desde la UATRE ya se realizaron las denuncias correspondientes en sede policial y se encarar\u00e1n acciones penales contra los responsables de los hechos de violencia.<\/p>\n","protected":false},"excerpt":{"rendered":"<p>El l\u00edder de la Uni\u00f3n Argentina de Trabajadores Rurales y Estibadores (Uatre), Jos\u00e9 Voytenco, encabez\u00f3 el Congreso extraordinario del gremio y mostr\u00f3 una imponente mayor\u00eda. Revoc\u00f3 el mandato de los 3 dirigentes que hab\u00edan sido suspendidos por negociados con empresarios y adelant\u00f3 los comicios para refrendar su conducci\u00f3n: \u201cLes prometo volver a poner a la [&hellip;]<\/p>\n","protected":false},"author":4,"featured_media":110620,"comment_status":"closed","ping_status":"closed","sticky":false,"template":"","format":"standard","meta":{"om_disable_all_campaigns":false,"_jetpack_memberships_contains_paid_content":false,"footnotes":""},"categories":[101,2],"tags":[197,696,33,19],"class_list":["post-110619","post","type-post","status-publish","format-standard","has-post-thumbnail","hentry","category-interes-general-locales","category-locales","tag-buenos-aires","tag-interes-general","tag-locales","tag-san-pedro"],"aioseo_notices":[],"gutentor_comment":0,"jetpack_featured_media_url":"https:\/\/eldiariodesanpedro.com.ar\/sitio\/wp-content\/uploads\/2022\/09\/descarga.jpg","jetpack_shortlink":"https:\/\/wp.me\/p6RhLt-sMb","jetpack_sharing_enabled":true,"_links":{"self":[{"href":"https:\/\/eldiariodesanpedro.com.ar\/sitio\/wp-json\/wp\/v2\/posts\/110619","targetHints":{"allow":["GET"]}}],"collection":[{"href":"https:\/\/eldiariodesanpedro.com.ar\/sitio\/wp-json\/wp\/v2\/posts"}],"about":[{"href":"https:\/\/eldiariodesanpedro.com.ar\/sitio\/wp-json\/wp\/v2\/types\/post"}],"author":[{"embeddable":true,"href":"https:\/\/eldiariodesanpedro.com.ar\/sitio\/wp-json\/wp\/v2\/users\/4"}],"replies":[{"embeddable":true,"href":"https:\/\/eldiariodesanpedro.com.ar\/sitio\/wp-json\/wp\/v2\/comments?post=110619"}],"version-history":[{"count":1,"href":"https:\/\/eldiariodesanpedro.com.ar\/sitio\/wp-json\/wp\/v2\/posts\/110619\/revisions"}],"predecessor-version":[{"id":110621,"href":"https:\/\/eldiariodesanpedro.com.ar\/sitio\/wp-json\/wp\/v2\/posts\/110619\/revisions\/110621"}],"wp:featuredmedia":[{"embeddable":true,"href":"https:\/\/eldiariodesanpedro.com.ar\/sitio\/wp-json\/wp\/v2\/media\/110620"}],"wp:attachment":[{"href":"https:\/\/eldiariodesanpedro.com.ar\/sitio\/wp-json\/wp\/v2\/media?parent=110619"}],"wp:term":[{"taxonomy":"category","embeddable":true,"href":"https:\/\/eldiariodesanpedro.com.ar\/sitio\/wp-json\/wp\/v2\/categories?post=110619"},{"taxonomy":"post_tag","embeddable":true,"href":"https:\/\/eldiariodesanpedro.com.ar\/sitio\/wp-json\/wp\/v2\/tags?post=110619"}],"curies":[{"name":"wp","href":"https:\/\/api.w.org\/{rel}","templated":true}]}}