{"id":110616,"date":"2022-09-14T12:04:40","date_gmt":"2022-09-14T15:04:40","guid":{"rendered":"https:\/\/eldiariodesanpedro.com.ar\/sitio\/?p=110616"},"modified":"2022-09-14T12:04:41","modified_gmt":"2022-09-14T15:04:41","slug":"grupo-hotelero-albamonte-firmo-convenio-con-el-colegio-de-abogados","status":"publish","type":"post","link":"https:\/\/eldiariodesanpedro.com.ar\/sitio\/grupo-hotelero-albamonte-firmo-convenio-con-el-colegio-de-abogados\/","title":{"rendered":"Grupo Hotelero Albamonte firm\u00f3 convenio con el Colegio de Abogados"},"content":{"rendered":"<!-- VideographyWP Plugin Message: Automatic video embedding prevented by plugin options. -->\n\n<p>El GHA firm\u00f3 un importante acuerdo con el Colegio de Abogados de la Provincia de Buenos Aires (COLPROBA). All\u00ed rubricaron el acuerdo Alberto Albamonte, Presidente del GHA y el Presidente del COLPROBA, Dr. Bienvenido Rodr\u00edguez Basalo.<\/p>\n\n\n\n<p>Dicho convenio establece&nbsp;tarifas preferenciales en los hoteles Howard Johnson y Days Inn&nbsp;para los m\u00e1s de 100.000 asociados activos y en retiro, siendo el COLPROBA una de las instituciones m\u00e1s importantes de Sud Am\u00e9rica.&nbsp;<\/p>\n\n\n\n<p>De esta manera los hoteles comandados por Albamonte&nbsp;incrementan sus acciones comerciales, a la vez que siguen brindando mejores condiciones con las entidades que se han adherido.&nbsp;&nbsp;&nbsp;<\/p>\n\n\n\n<p>A tal efecto,&nbsp;todos los hoteles en el pa\u00eds recibir\u00e1n a los asociados tanto para que los utilicen tur\u00edsticamente como para los numerosos eventos que se organizan en los 20 colegios provinciales de dicha Instituci\u00f3n.&nbsp;El Dr. Rodr\u00edguez Basalo mostr\u00f3 su satisfacci\u00f3n por la firma del trato ya que seg\u00fan sus manifestaciones y dado la gran cantidad de eventos y viajes,&nbsp;se produce cr\u00f3nicamente un cuello de botella en muchas ciudades del interior provincial al no contar con suficientes hoteles.<\/p>\n\n\n\n<p>El Grupo Hotelero Albamonte cuenta en la fecha con 41 hoteles abiertos y 23 en construcci\u00f3n, previendo la inauguraci\u00f3n de cuatro hoteles nuevos en lo que resta del presenta a\u00f1o.&nbsp;<\/p>\n\n\n\n<p>En los pr\u00f3ximos d\u00edas se realizar\u00e1 un almuerzo con los directivos del Colegio de Abogados en el Howard Johnson Plaza Convention Center &amp; Spa de la ciudad de La Plata.<\/p>\n","protected":false},"excerpt":{"rendered":"<p>El GHA firm\u00f3 un importante acuerdo con el Colegio de Abogados de la Provincia de Buenos Aires (COLPROBA). All\u00ed rubricaron el acuerdo Alberto Albamonte, Presidente del GHA y el Presidente del COLPROBA, Dr. Bienvenido Rodr\u00edguez Basalo. Dicho convenio establece&nbsp;tarifas preferenciales en los hoteles Howard Johnson y Days Inn&nbsp;para los m\u00e1s de 100.000 asociados activos y [&hellip;]<\/p>\n","protected":false},"author":4,"featured_media":110617,"comment_status":"closed","ping_status":"closed","sticky":false,"template":"","format":"standard","meta":{"om_disable_all_campaigns":false,"_jetpack_memberships_contains_paid_content":false,"footnotes":""},"categories":[101,2],"tags":[197,696,33,19],"class_list":["post-110616","post","type-post","status-publish","format-standard","has-post-thumbnail","hentry","category-interes-general-locales","category-locales","tag-buenos-aires","tag-interes-general","tag-locales","tag-san-pedro"],"aioseo_notices":[],"gutentor_comment":0,"jetpack_featured_media_url":"https:\/\/eldiariodesanpedro.com.ar\/sitio\/wp-content\/uploads\/2022\/09\/0000021238-resized-1920x1080-1.jpg","jetpack_shortlink":"https:\/\/wp.me\/p6RhLt-sM8","jetpack_sharing_enabled":true,"_links":{"self":[{"href":"https:\/\/eldiariodesanpedro.com.ar\/sitio\/wp-json\/wp\/v2\/posts\/110616","targetHints":{"allow":["GET"]}}],"collection":[{"href":"https:\/\/eldiariodesanpedro.com.ar\/sitio\/wp-json\/wp\/v2\/posts"}],"about":[{"href":"https:\/\/eldiariodesanpedro.com.ar\/sitio\/wp-json\/wp\/v2\/types\/post"}],"author":[{"embeddable":true,"href":"https:\/\/eldiariodesanpedro.com.ar\/sitio\/wp-json\/wp\/v2\/users\/4"}],"replies":[{"embeddable":true,"href":"https:\/\/eldiariodesanpedro.com.ar\/sitio\/wp-json\/wp\/v2\/comments?post=110616"}],"version-history":[{"count":1,"href":"https:\/\/eldiariodesanpedro.com.ar\/sitio\/wp-json\/wp\/v2\/posts\/110616\/revisions"}],"predecessor-version":[{"id":110618,"href":"https:\/\/eldiariodesanpedro.com.ar\/sitio\/wp-json\/wp\/v2\/posts\/110616\/revisions\/110618"}],"wp:featuredmedia":[{"embeddable":true,"href":"https:\/\/eldiariodesanpedro.com.ar\/sitio\/wp-json\/wp\/v2\/media\/110617"}],"wp:attachment":[{"href":"https:\/\/eldiariodesanpedro.com.ar\/sitio\/wp-json\/wp\/v2\/media?parent=110616"}],"wp:term":[{"taxonomy":"category","embeddable":true,"href":"https:\/\/eldiariodesanpedro.com.ar\/sitio\/wp-json\/wp\/v2\/categories?post=110616"},{"taxonomy":"post_tag","embeddable":true,"href":"https:\/\/eldiariodesanpedro.com.ar\/sitio\/wp-json\/wp\/v2\/tags?post=110616"}],"curies":[{"name":"wp","href":"https:\/\/api.w.org\/{rel}","templated":true}]}}