{"id":110613,"date":"2022-09-14T11:58:06","date_gmt":"2022-09-14T14:58:06","guid":{"rendered":"https:\/\/eldiariodesanpedro.com.ar\/sitio\/?p=110613"},"modified":"2022-09-14T11:58:07","modified_gmt":"2022-09-14T14:58:07","slug":"caso-chavez-casacion-confirmo-la-condena-de-8-anos-para-sebastian-dotti","status":"publish","type":"post","link":"https:\/\/eldiariodesanpedro.com.ar\/sitio\/caso-chavez-casacion-confirmo-la-condena-de-8-anos-para-sebastian-dotti\/","title":{"rendered":"Caso Ch\u00e1vez: Casaci\u00f3n confirm\u00f3 la condena de 8 a\u00f1os para Sebasti\u00e1n Dotti"},"content":{"rendered":"<!-- VideographyWP Plugin Message: Automatic video embedding prevented by plugin options. -->\n\n<p>Tras el acuerdo en juicio abreviado y la apelaci\u00f3n que realiz\u00f3 la defensa la C\u00e1mara ratific\u00f3 la condena para el joven que fue hallado responsable del asesinato de El\u00edas Ch\u00e1vez. El hecho se produjo durante la madrugada del 26 de octubre de 2019 en pleno centro de la ciudad.<\/p>\n\n\n\n<p>Finalmente qued\u00f3 firme la condena contra Sebasti\u00e1n Dotti. As\u00ed lo dispuso la C\u00e1mara de Casaci\u00f3n luego de que evaluara el pedido efectuado por la defensa del imputado a cargo del doctor Agust\u00edn Tanus qui\u00e9n c\u00f3mo era de esperar hab\u00eda apelado la decisi\u00f3n del tribunal.<\/p>\n\n\n\n<p>De esta manera Dotti deber\u00e1 cumplir los ocho a\u00f1os de prisi\u00f3n efectiva que se hab\u00edan acordado durante el juicio abreviado que firmaron las partes involucradas.<\/p>\n\n\n\n<p>A la vez la C\u00e1mara hizo lugar a la solicitud de la defensa del acusado y luego de firmado el acuerdo entre las partes recus\u00f3 a la fiscal Viviana Ramos aunque no trascendieron los motivos por los que qued\u00f3 al margen del caso.<\/p>\n\n\n\n<p>El hecho por el que fue condenado Sebasti\u00e1n Dotti se produjo en la madrugada del 26 de octubre del 2019 mientras transitaban con sus veh\u00edculos por el centro de la ciudad.<\/p>\n\n\n\n<p>Ambos ven\u00edan circulando en sus rodados y por cuestiones del momento tuvieron un altercado que termin\u00f3 de manera tr\u00e1gica cuando Ch\u00e1vez se baj\u00f3 de su auto, se dirigi\u00f3 al veh\u00edculo de Dotti y tras aplicarle varios golpes el conductor extrajo un arma blanca y la aplic\u00f3 dos puntazos a la v\u00edctima qui\u00e9n cay\u00f3 mal herido en plena calle Mitre cuando intentaba regresar a su propio veh\u00edculo.<\/p>\n\n\n\n<p>Posteriormente Dotti se fue del lugar y permaneci\u00f3 pr\u00f3fugo durante varias horas para luego presentarse por sus propios medios en la comisar\u00eda y ponerse a disposici\u00f3n de la justicia.<\/p>\n","protected":false},"excerpt":{"rendered":"<p>Tras el acuerdo en juicio abreviado y la apelaci\u00f3n que realiz\u00f3 la defensa la C\u00e1mara ratific\u00f3 la condena para el joven que fue hallado responsable del asesinato de El\u00edas Ch\u00e1vez. El hecho se produjo durante la madrugada del 26 de octubre de 2019 en pleno centro de la ciudad. Finalmente qued\u00f3 firme la condena contra [&hellip;]<\/p>\n","protected":false},"author":4,"featured_media":110614,"comment_status":"closed","ping_status":"closed","sticky":false,"template":"","format":"standard","meta":{"om_disable_all_campaigns":false,"_jetpack_memberships_contains_paid_content":false,"footnotes":""},"categories":[101,2],"tags":[197,696,33,19],"class_list":["post-110613","post","type-post","status-publish","format-standard","has-post-thumbnail","hentry","category-interes-general-locales","category-locales","tag-buenos-aires","tag-interes-general","tag-locales","tag-san-pedro"],"aioseo_notices":[],"gutentor_comment":0,"jetpack_featured_media_url":"https:\/\/eldiariodesanpedro.com.ar\/sitio\/wp-content\/uploads\/2022\/09\/0000021239-resized-1920x1080-1.jpg","jetpack_shortlink":"https:\/\/wp.me\/p6RhLt-sM5","jetpack_sharing_enabled":true,"_links":{"self":[{"href":"https:\/\/eldiariodesanpedro.com.ar\/sitio\/wp-json\/wp\/v2\/posts\/110613","targetHints":{"allow":["GET"]}}],"collection":[{"href":"https:\/\/eldiariodesanpedro.com.ar\/sitio\/wp-json\/wp\/v2\/posts"}],"about":[{"href":"https:\/\/eldiariodesanpedro.com.ar\/sitio\/wp-json\/wp\/v2\/types\/post"}],"author":[{"embeddable":true,"href":"https:\/\/eldiariodesanpedro.com.ar\/sitio\/wp-json\/wp\/v2\/users\/4"}],"replies":[{"embeddable":true,"href":"https:\/\/eldiariodesanpedro.com.ar\/sitio\/wp-json\/wp\/v2\/comments?post=110613"}],"version-history":[{"count":1,"href":"https:\/\/eldiariodesanpedro.com.ar\/sitio\/wp-json\/wp\/v2\/posts\/110613\/revisions"}],"predecessor-version":[{"id":110615,"href":"https:\/\/eldiariodesanpedro.com.ar\/sitio\/wp-json\/wp\/v2\/posts\/110613\/revisions\/110615"}],"wp:featuredmedia":[{"embeddable":true,"href":"https:\/\/eldiariodesanpedro.com.ar\/sitio\/wp-json\/wp\/v2\/media\/110614"}],"wp:attachment":[{"href":"https:\/\/eldiariodesanpedro.com.ar\/sitio\/wp-json\/wp\/v2\/media?parent=110613"}],"wp:term":[{"taxonomy":"category","embeddable":true,"href":"https:\/\/eldiariodesanpedro.com.ar\/sitio\/wp-json\/wp\/v2\/categories?post=110613"},{"taxonomy":"post_tag","embeddable":true,"href":"https:\/\/eldiariodesanpedro.com.ar\/sitio\/wp-json\/wp\/v2\/tags?post=110613"}],"curies":[{"name":"wp","href":"https:\/\/api.w.org\/{rel}","templated":true}]}}