{"id":110610,"date":"2022-09-14T11:26:38","date_gmt":"2022-09-14T14:26:38","guid":{"rendered":"https:\/\/eldiariodesanpedro.com.ar\/sitio\/?p=110610"},"modified":"2022-09-14T11:26:39","modified_gmt":"2022-09-14T14:26:39","slug":"la-comisaria-de-la-mujer-de-san-pedro-cuenta-con-patrullero-0-km","status":"publish","type":"post","link":"https:\/\/eldiariodesanpedro.com.ar\/sitio\/la-comisaria-de-la-mujer-de-san-pedro-cuenta-con-patrullero-0-km\/","title":{"rendered":"La Comisar\u00eda de la Mujer de San Pedro cuenta con patrullero 0 KM"},"content":{"rendered":"<!-- VideographyWP Plugin Message: Automatic video embedding prevented by plugin options. -->\n\n<p>La dependencia policial de Oliveira C\u00e9zar al 200 cuenta por primera vez con un m\u00f3vil nuevo. Se trata de uno de los patrulleros que present\u00f3 el ministro Berni junto al intendente Ram\u00f3n Salazar en la Municipalidad.\u00a0<\/p>\n\n\n\n<p>El pasado viernes por la noche se hizo efectiva la&nbsp;<strong>entrega del patrullero 0KM para la Comisar\u00eda de la Mujer y la Familia a cargo de la Oficial Principal Mariana Aguila<\/strong>. El m\u00f3vil es uno de los 11 que hab\u00eda sido presentado esa ma\u00f1ana con la visita del ministro de Seguridad de la provincia de Buenos Aires Sergio Berni, y el intendente municipal Ram\u00f3n Salazar.<\/p>\n\n\n\n<p>En la entrega del m\u00f3vil estuvieron presentes el&nbsp;<strong>secretario de Seguridad Diego Solana<\/strong>, y la&nbsp;<strong>secretaria de Pol\u00edticas de G\u00e9nero, Mujeres y Diversidad Laura Monfasani<\/strong>, acompa\u00f1ada por el&nbsp;<strong>director del \u00e1rea Pablo De Igarz\u00e1bal<\/strong>. Tambi\u00e9n form\u00f3 parte de la actividad el<strong>&nbsp;titular de la Estaci\u00f3n de Polic\u00eda Comunal de San Pedro, el Comisario Mayor Germ\u00e1n Pahuasi<\/strong>&nbsp;y la&nbsp;<strong>Comisaria Valeria Sosa<\/strong>.&nbsp;<\/p>\n\n\n\n<p>La dependencia policial creada en 2015 hab\u00eda recibido meses atr\u00e1s un patrullero que luego fue redestinado a la Comisar\u00eda general. La llegada de un patrullero para el trabajo cotidiano del \u00e1rea forma parte de un largo reclamo primero de las organizaciones feministas y de mujeres de nuestra ciudad, al que se ha sumado la Mesa Local de Atenci\u00f3n y Prevenci\u00f3n de la Violencia de G\u00e9nero y Familiar.<\/p>\n\n\n\n<p>Con un&nbsp;<strong>promedio de 200 denuncias mensuales<\/strong>, la necesidad del \u00e1rea de contar con un m\u00f3vil para el traslado y asistencia de las v\u00edctimas, as\u00ed como para la notificaci\u00f3n de las medidas cautelares, era impostergable.&nbsp;<\/p>\n\n\n\n<p>La&nbsp;<strong>Oficial Principal Mariana Aguila agradeci\u00f3 a trav\u00e9s de sus redes sociales<\/strong>&nbsp;al intendente, a las \u00e1reas de Seguridad y Pol\u00edticas de G\u00e9nero, as\u00ed como el personal de la dependencia que d\u00eda a d\u00eda le pone el cuerpo al trabajo en un \u00e1rea tan sensible e indispensable.<\/p>\n\n\n\n<p><strong>&#8211; Si est\u00e1s en una situaci\u00f3n de violencia por razones de g\u00e9nero o conoc\u00e9s a alguien que lo est\u00e1, no dudes en denunciar comunic\u00e1ndote al 911 o con la Comisar\u00eda de la Mujer de San Pedro al 422000 o por Whatsapp al 3329 564366. Si necesit\u00e1s asesoramiento, acercate a la Secretar\u00eda de Pol\u00edticas de G\u00e9nero, Mujeres y Diversidad en Salta y San Mart\u00edn, de lunes a viernes de 08.00 a 14.00, o comunicate las 24 horas a la l\u00ednea 144 &#8211;<\/strong><\/p>\n","protected":false},"excerpt":{"rendered":"<p>La dependencia policial de Oliveira C\u00e9zar al 200 cuenta por primera vez con un m\u00f3vil nuevo. Se trata de uno de los patrulleros que present\u00f3 el ministro Berni junto al intendente Ram\u00f3n Salazar en la Municipalidad.\u00a0 El pasado viernes por la noche se hizo efectiva la&nbsp;entrega del patrullero 0KM para la Comisar\u00eda de la Mujer [&hellip;]<\/p>\n","protected":false},"author":4,"featured_media":110611,"comment_status":"closed","ping_status":"closed","sticky":false,"template":"","format":"standard","meta":{"om_disable_all_campaigns":false,"_jetpack_memberships_contains_paid_content":false,"footnotes":""},"categories":[50,101,2],"tags":[197,696,33,19],"class_list":["post-110610","post","type-post","status-publish","format-standard","has-post-thumbnail","hentry","category-destacadas","category-interes-general-locales","category-locales","tag-buenos-aires","tag-interes-general","tag-locales","tag-san-pedro"],"aioseo_notices":[],"gutentor_comment":0,"jetpack_featured_media_url":"https:\/\/eldiariodesanpedro.com.ar\/sitio\/wp-content\/uploads\/2022\/09\/WhatsApp-Image-2022-09-10-at-11.58.15.jpeg","jetpack_shortlink":"https:\/\/wp.me\/p6RhLt-sM2","jetpack_sharing_enabled":true,"_links":{"self":[{"href":"https:\/\/eldiariodesanpedro.com.ar\/sitio\/wp-json\/wp\/v2\/posts\/110610","targetHints":{"allow":["GET"]}}],"collection":[{"href":"https:\/\/eldiariodesanpedro.com.ar\/sitio\/wp-json\/wp\/v2\/posts"}],"about":[{"href":"https:\/\/eldiariodesanpedro.com.ar\/sitio\/wp-json\/wp\/v2\/types\/post"}],"author":[{"embeddable":true,"href":"https:\/\/eldiariodesanpedro.com.ar\/sitio\/wp-json\/wp\/v2\/users\/4"}],"replies":[{"embeddable":true,"href":"https:\/\/eldiariodesanpedro.com.ar\/sitio\/wp-json\/wp\/v2\/comments?post=110610"}],"version-history":[{"count":1,"href":"https:\/\/eldiariodesanpedro.com.ar\/sitio\/wp-json\/wp\/v2\/posts\/110610\/revisions"}],"predecessor-version":[{"id":110612,"href":"https:\/\/eldiariodesanpedro.com.ar\/sitio\/wp-json\/wp\/v2\/posts\/110610\/revisions\/110612"}],"wp:featuredmedia":[{"embeddable":true,"href":"https:\/\/eldiariodesanpedro.com.ar\/sitio\/wp-json\/wp\/v2\/media\/110611"}],"wp:attachment":[{"href":"https:\/\/eldiariodesanpedro.com.ar\/sitio\/wp-json\/wp\/v2\/media?parent=110610"}],"wp:term":[{"taxonomy":"category","embeddable":true,"href":"https:\/\/eldiariodesanpedro.com.ar\/sitio\/wp-json\/wp\/v2\/categories?post=110610"},{"taxonomy":"post_tag","embeddable":true,"href":"https:\/\/eldiariodesanpedro.com.ar\/sitio\/wp-json\/wp\/v2\/tags?post=110610"}],"curies":[{"name":"wp","href":"https:\/\/api.w.org\/{rel}","templated":true}]}}