{"id":110601,"date":"2022-09-13T23:53:03","date_gmt":"2022-09-14T02:53:03","guid":{"rendered":"https:\/\/eldiariodesanpedro.com.ar\/sitio\/?p=110601"},"modified":"2022-09-13T23:53:04","modified_gmt":"2022-09-14T02:53:04","slug":"edicto-de-ciudadania-de-luisa-josefina-blanco-boyer","status":"publish","type":"post","link":"https:\/\/eldiariodesanpedro.com.ar\/sitio\/edicto-de-ciudadania-de-luisa-josefina-blanco-boyer\/","title":{"rendered":"Edicto de ciudadan\u00eda de Luisa Josefina Blanco Boyer"},"content":{"rendered":"<!-- VideographyWP Plugin Message: Automatic video embedding prevented by plugin options. -->\n\n<p>El Juzgado Federal N\u00ba 1 de San Nicol\u00e1s, Prov. de Bs. As., a cargo del Dr. Carlos Alberto Vera Barros, Juez Subrogante, emplaza por 15 d\u00edas a fin de hacer saber que cualquier persona queda facultada, a trav\u00e9s del Ministerio P\u00fablico Fiscal, para hacer llegar las consideraciones que estimare pudiesen obstar la concesi\u00f3n de ciudadan\u00eda argentina solicitada por la Sra. <strong>Luisa Josefina Blanco Boyer<\/strong>, nacida el 11 de Diciembre de 1986, en Los Teques, Estado Miranda, Venezuela, hija de Armando Jos\u00e9 Blanco y de Luisa Josefina Boyer, soltera, identificada con DNI N\u00ba 95.784.537, Pasaporte Venezolano N\u00ba 145326450 (vigente), domiciliada en calle Chivilcoy N\u00ba 1545 de la ciudad de San Pedro (Bs.As.) . Expediente N\u00ba FRO 14505\/2022. Secretar\u00eda N\u00ba 2.- San Nicol\u00e1s (B).-<\/p>\n\n\n\n<p>(Publicaci\u00f3n V\u00e1lida por los d\u00edas&nbsp; 13 y 14 de septiembre de 2022)<\/p>\n","protected":false},"excerpt":{"rendered":"<p>El Juzgado Federal N\u00ba 1 de San Nicol\u00e1s, Prov. de Bs. As., a cargo del Dr. Carlos Alberto Vera Barros, Juez Subrogante, emplaza por 15 d\u00edas a fin de hacer saber que cualquier persona queda facultada, a trav\u00e9s del Ministerio P\u00fablico Fiscal, para hacer llegar las consideraciones que estimare pudiesen obstar la concesi\u00f3n de ciudadan\u00eda [&hellip;]<\/p>\n","protected":false},"author":4,"featured_media":81115,"comment_status":"closed","ping_status":"closed","sticky":false,"template":"","format":"standard","meta":{"om_disable_all_campaigns":false,"_jetpack_memberships_contains_paid_content":false,"footnotes":""},"categories":[676,1124],"tags":[197,1121,3028,696,1355,19,1122],"class_list":["post-110601","post","type-post","status-publish","format-standard","has-post-thumbnail","hentry","category-edictos","category-edictos-especiales","tag-buenos-aires","tag-edicto","tag-edicto-de-ciudadania-de-luisa-josefina-blanco-boyer","tag-interes-general","tag-judiciales","tag-san-pedro","tag-sucesion"],"aioseo_notices":[],"gutentor_comment":0,"jetpack_featured_media_url":"https:\/\/eldiariodesanpedro.com.ar\/sitio\/wp-content\/uploads\/2020\/09\/Poder-Judicial.jpg","jetpack_shortlink":"https:\/\/wp.me\/p6RhLt-sLT","jetpack_sharing_enabled":true,"_links":{"self":[{"href":"https:\/\/eldiariodesanpedro.com.ar\/sitio\/wp-json\/wp\/v2\/posts\/110601","targetHints":{"allow":["GET"]}}],"collection":[{"href":"https:\/\/eldiariodesanpedro.com.ar\/sitio\/wp-json\/wp\/v2\/posts"}],"about":[{"href":"https:\/\/eldiariodesanpedro.com.ar\/sitio\/wp-json\/wp\/v2\/types\/post"}],"author":[{"embeddable":true,"href":"https:\/\/eldiariodesanpedro.com.ar\/sitio\/wp-json\/wp\/v2\/users\/4"}],"replies":[{"embeddable":true,"href":"https:\/\/eldiariodesanpedro.com.ar\/sitio\/wp-json\/wp\/v2\/comments?post=110601"}],"version-history":[{"count":1,"href":"https:\/\/eldiariodesanpedro.com.ar\/sitio\/wp-json\/wp\/v2\/posts\/110601\/revisions"}],"predecessor-version":[{"id":110602,"href":"https:\/\/eldiariodesanpedro.com.ar\/sitio\/wp-json\/wp\/v2\/posts\/110601\/revisions\/110602"}],"wp:featuredmedia":[{"embeddable":true,"href":"https:\/\/eldiariodesanpedro.com.ar\/sitio\/wp-json\/wp\/v2\/media\/81115"}],"wp:attachment":[{"href":"https:\/\/eldiariodesanpedro.com.ar\/sitio\/wp-json\/wp\/v2\/media?parent=110601"}],"wp:term":[{"taxonomy":"category","embeddable":true,"href":"https:\/\/eldiariodesanpedro.com.ar\/sitio\/wp-json\/wp\/v2\/categories?post=110601"},{"taxonomy":"post_tag","embeddable":true,"href":"https:\/\/eldiariodesanpedro.com.ar\/sitio\/wp-json\/wp\/v2\/tags?post=110601"}],"curies":[{"name":"wp","href":"https:\/\/api.w.org\/{rel}","templated":true}]}}