{"id":110599,"date":"2022-09-13T23:45:40","date_gmt":"2022-09-14T02:45:40","guid":{"rendered":"https:\/\/eldiariodesanpedro.com.ar\/sitio\/?p=110599"},"modified":"2022-09-13T23:45:41","modified_gmt":"2022-09-14T02:45:41","slug":"edicto-de-prescripcion-adquisitiva-larga-de-gonzalez-nancy-beatriz-y-otro-a-c-castelli-anibal","status":"publish","type":"post","link":"https:\/\/eldiariodesanpedro.com.ar\/sitio\/edicto-de-prescripcion-adquisitiva-larga-de-gonzalez-nancy-beatriz-y-otro-a-c-castelli-anibal\/","title":{"rendered":"Edicto de prescripci\u00f3n adquisitiva larga de Gonzalez Nancy Beatriz y otro\/a c\/ Castelli Anibal"},"content":{"rendered":"<!-- VideographyWP Plugin Message: Automatic video embedding prevented by plugin options. -->\n\n<p>El Juzgado de Primera Instancia en lo Civil y Comercial N\u00ba 6 del Departamento Judicial de San Nicol\u00e1s cita al Sr. ANIBAL CASTELLI y a quienes se consideren con derecho sobre el inmueble que se intenta prescribir ubicado en calle Belisario Roldan 661 de la ciudad de Baradero (Inscripci\u00f3n de dominio: Folio 142\/945 de Baradero, Nomenclatura Catastral de origen: Circ. II, Secc. B, Mza. 64c, Quinta: 64, Parc. 6, Partida Inmobiliaria N\u00ba 2668 del Partido de Baradero), para que dentro del t\u00e9rmino de 10 d\u00edas comparezca o comparezcan a estar a derecho en autos: \u201d<strong>Gonzalez Nancy Beatriz y otro\/a c\/ Castelli Anibal s\/ Prescripci\u00f3n Adquisitiva Larga<\/strong>\u201d, Exp. 5218\/21, bajo apercibimiento de nombrarse al Sr. Defensor Oficial para que lo represente.- San Nicol\u00e1s, 09 de septiembre de 2022.-<\/p>\n\n\n\n<p>FACUNDO VELL\u00d3N<br>ABOGADO SECRETARIO<\/p>\n\n\n\n<p>(Publicaci\u00f3n V\u00e1lida por los d\u00edas&nbsp; 13 y 14 de septiembre de 2022)<br><a href=\"https:\/\/notificaciones.scba.gov.ar\/verificarnotificacion.aspx?codNotif=PF3XD2RN0YT6\">https:\/\/notificaciones.scba.gov.ar\/verificarnotificacion.aspx?codNotif=PF3XD2RN0YT6<\/a>&nbsp;<\/p>\n","protected":false},"excerpt":{"rendered":"<p>El Juzgado de Primera Instancia en lo Civil y Comercial N\u00ba 6 del Departamento Judicial de San Nicol\u00e1s cita al Sr. ANIBAL CASTELLI y a quienes se consideren con derecho sobre el inmueble que se intenta prescribir ubicado en calle Belisario Roldan 661 de la ciudad de Baradero (Inscripci\u00f3n de dominio: Folio 142\/945 de Baradero, [&hellip;]<\/p>\n","protected":false},"author":4,"featured_media":102746,"comment_status":"closed","ping_status":"closed","sticky":false,"template":"","format":"standard","meta":{"om_disable_all_campaigns":false,"_jetpack_memberships_contains_paid_content":false,"footnotes":""},"categories":[676,677],"tags":[197,1121,3027,1355,33,19,1122],"class_list":["post-110599","post","type-post","status-publish","format-standard","has-post-thumbnail","hentry","category-edictos","category-edictos-sucesorios","tag-buenos-aires","tag-edicto","tag-edicto-de-prescripcion-adquisitiva-larga-de-gonzalez-nancy-beatriz-y-otro-a-c-castelli-anibal","tag-judiciales","tag-locales","tag-san-pedro","tag-sucesion"],"aioseo_notices":[],"gutentor_comment":0,"jetpack_featured_media_url":"https:\/\/eldiariodesanpedro.com.ar\/sitio\/wp-content\/uploads\/2022\/01\/EDICTO.jpg","jetpack_shortlink":"https:\/\/wp.me\/p6RhLt-sLR","jetpack_sharing_enabled":true,"_links":{"self":[{"href":"https:\/\/eldiariodesanpedro.com.ar\/sitio\/wp-json\/wp\/v2\/posts\/110599","targetHints":{"allow":["GET"]}}],"collection":[{"href":"https:\/\/eldiariodesanpedro.com.ar\/sitio\/wp-json\/wp\/v2\/posts"}],"about":[{"href":"https:\/\/eldiariodesanpedro.com.ar\/sitio\/wp-json\/wp\/v2\/types\/post"}],"author":[{"embeddable":true,"href":"https:\/\/eldiariodesanpedro.com.ar\/sitio\/wp-json\/wp\/v2\/users\/4"}],"replies":[{"embeddable":true,"href":"https:\/\/eldiariodesanpedro.com.ar\/sitio\/wp-json\/wp\/v2\/comments?post=110599"}],"version-history":[{"count":1,"href":"https:\/\/eldiariodesanpedro.com.ar\/sitio\/wp-json\/wp\/v2\/posts\/110599\/revisions"}],"predecessor-version":[{"id":110600,"href":"https:\/\/eldiariodesanpedro.com.ar\/sitio\/wp-json\/wp\/v2\/posts\/110599\/revisions\/110600"}],"wp:featuredmedia":[{"embeddable":true,"href":"https:\/\/eldiariodesanpedro.com.ar\/sitio\/wp-json\/wp\/v2\/media\/102746"}],"wp:attachment":[{"href":"https:\/\/eldiariodesanpedro.com.ar\/sitio\/wp-json\/wp\/v2\/media?parent=110599"}],"wp:term":[{"taxonomy":"category","embeddable":true,"href":"https:\/\/eldiariodesanpedro.com.ar\/sitio\/wp-json\/wp\/v2\/categories?post=110599"},{"taxonomy":"post_tag","embeddable":true,"href":"https:\/\/eldiariodesanpedro.com.ar\/sitio\/wp-json\/wp\/v2\/tags?post=110599"}],"curies":[{"name":"wp","href":"https:\/\/api.w.org\/{rel}","templated":true}]}}