{"id":110591,"date":"2022-09-12T10:00:00","date_gmt":"2022-09-12T13:00:00","guid":{"rendered":"https:\/\/eldiariodesanpedro.com.ar\/sitio\/?p=110591"},"modified":"2022-09-13T23:14:57","modified_gmt":"2022-09-14T02:14:57","slug":"elecciones-de-la-union-civica-radical","status":"publish","type":"post","link":"https:\/\/eldiariodesanpedro.com.ar\/sitio\/elecciones-de-la-union-civica-radical\/","title":{"rendered":"Elecciones de la Uni\u00f3n C\u00edvica Radical"},"content":{"rendered":"<!-- VideographyWP Plugin Message: Automatic video embedding prevented by plugin options. -->\n\n<p>\u00abEn&nbsp;cumplimiento de&nbsp;lo establecido por Carta Org\u00e1nica&nbsp;de&nbsp;la Uni\u00f3n C\u00edvica Radical y de conformidad con&nbsp;la Res. 01\/2022, se convoca a elecciones internas para el d\u00eda 13 de noviembre del 2022, a fin de elegir autoridades partidarias de la U.C.R.<strong>&nbsp;<\/strong><strong>\u00bb&nbsp;<\/strong>Fdo. Comisi\u00f3n Directiva UCR San Pedro.<\/p>\n","protected":false},"excerpt":{"rendered":"<p>\u00abEn&nbsp;cumplimiento de&nbsp;lo establecido por Carta Org\u00e1nica&nbsp;de&nbsp;la Uni\u00f3n C\u00edvica Radical y de conformidad con&nbsp;la Res. 01\/2022, se convoca a elecciones internas para el d\u00eda 13 de noviembre del 2022, a fin de elegir autoridades partidarias de la U.C.R.&nbsp;\u00bb&nbsp;Fdo. Comisi\u00f3n Directiva UCR San Pedro.<\/p>\n","protected":false},"author":4,"featured_media":110592,"comment_status":"closed","ping_status":"closed","sticky":false,"template":"","format":"standard","meta":{"om_disable_all_campaigns":false,"_jetpack_memberships_contains_paid_content":false,"footnotes":""},"categories":[678,676],"tags":[197,696,33,19],"class_list":["post-110591","post","type-post","status-publish","format-standard","has-post-thumbnail","hentry","category-convocatorias","category-edictos","tag-buenos-aires","tag-interes-general","tag-locales","tag-san-pedro"],"aioseo_notices":[],"gutentor_comment":0,"jetpack_featured_media_url":"https:\/\/eldiariodesanpedro.com.ar\/sitio\/wp-content\/uploads\/2022\/09\/ucr-2022.png","jetpack_shortlink":"https:\/\/wp.me\/p6RhLt-sLJ","jetpack_sharing_enabled":true,"_links":{"self":[{"href":"https:\/\/eldiariodesanpedro.com.ar\/sitio\/wp-json\/wp\/v2\/posts\/110591","targetHints":{"allow":["GET"]}}],"collection":[{"href":"https:\/\/eldiariodesanpedro.com.ar\/sitio\/wp-json\/wp\/v2\/posts"}],"about":[{"href":"https:\/\/eldiariodesanpedro.com.ar\/sitio\/wp-json\/wp\/v2\/types\/post"}],"author":[{"embeddable":true,"href":"https:\/\/eldiariodesanpedro.com.ar\/sitio\/wp-json\/wp\/v2\/users\/4"}],"replies":[{"embeddable":true,"href":"https:\/\/eldiariodesanpedro.com.ar\/sitio\/wp-json\/wp\/v2\/comments?post=110591"}],"version-history":[{"count":1,"href":"https:\/\/eldiariodesanpedro.com.ar\/sitio\/wp-json\/wp\/v2\/posts\/110591\/revisions"}],"predecessor-version":[{"id":110593,"href":"https:\/\/eldiariodesanpedro.com.ar\/sitio\/wp-json\/wp\/v2\/posts\/110591\/revisions\/110593"}],"wp:featuredmedia":[{"embeddable":true,"href":"https:\/\/eldiariodesanpedro.com.ar\/sitio\/wp-json\/wp\/v2\/media\/110592"}],"wp:attachment":[{"href":"https:\/\/eldiariodesanpedro.com.ar\/sitio\/wp-json\/wp\/v2\/media?parent=110591"}],"wp:term":[{"taxonomy":"category","embeddable":true,"href":"https:\/\/eldiariodesanpedro.com.ar\/sitio\/wp-json\/wp\/v2\/categories?post=110591"},{"taxonomy":"post_tag","embeddable":true,"href":"https:\/\/eldiariodesanpedro.com.ar\/sitio\/wp-json\/wp\/v2\/tags?post=110591"}],"curies":[{"name":"wp","href":"https:\/\/api.w.org\/{rel}","templated":true}]}}