{"id":110569,"date":"2022-09-13T13:37:34","date_gmt":"2022-09-13T16:37:34","guid":{"rendered":"https:\/\/eldiariodesanpedro.com.ar\/sitio\/?p=110569"},"modified":"2022-09-13T13:37:35","modified_gmt":"2022-09-13T16:37:35","slug":"nelson-goerner-hacer-musica-en-el-lugar-en-donde-uno-nacio-y-se-formo-es-muy-especial","status":"publish","type":"post","link":"https:\/\/eldiariodesanpedro.com.ar\/sitio\/nelson-goerner-hacer-musica-en-el-lugar-en-donde-uno-nacio-y-se-formo-es-muy-especial\/","title":{"rendered":"Nelson Goerner: \u201cHacer m\u00fasica en el lugar en donde uno naci\u00f3 y se form\u00f3 es muy especial\u201d"},"content":{"rendered":"<!-- VideographyWP Plugin Message: Automatic video embedding prevented by plugin options. -->\n\n<p>La presentaci\u00f3n del pianista fue tan emotiva como excepcional y esa velada perdurar\u00e1 en la memoria de todos durante mucho tiempo. Ya de regreso a su casa en Suiza, habl\u00f3 en el aire de FM G\u00e9nesis y cont\u00f3 la sensaci\u00f3n que le dej\u00f3 volver a tocar en su ciudad.<\/p>\n\n\n\n<p>La presentaci\u00f3n del pianista sampedrino Nelson Goerner en el Mec La Palma fue sin dudas uno de los hechos m\u00e1s salientes de los \u00faltimos a\u00f1os en la ciudad. El regreso del m\u00fasico a la ciudad fue de una magnitud inigualable adem\u00e1s de estar enmarcada por una secuencia de acontecimiento cargados de emoci\u00f3n.<\/p>\n\n\n\n<p>Tras su presentaci\u00f3n en la ciudad Goerner regres\u00f3 a Ginebra, donde vive junto a su familia, pero se tom\u00f3 unos minutos para participar de una entrevista y expresar todo lo que le gener\u00f3 poder tocar en su ciudad,<\/p>\n\n\n\n<p>\u201cEl hecho de que San Pedro haya cerrado mi gira internacional fue muy hermoso, porque sent\u00ed que ah\u00ed se cumpli\u00f3 una etapa important\u00edsima de todo lo que he estado haciendo por tanto tiempo, y como lo dije en el escenario San Pedro fue fundamental para m\u00ed, para mi formaci\u00f3n y para lo que pude desarrollar posteriormente\u201d, dijo el pianista en el aire de Urbano, FM G\u00e9nesis.<\/p>\n\n\n\n<p>\u201cFue muy esperado y ten\u00eda muchas ganas de estar, much\u00edsimas ganas\u201d.<\/p>\n\n\n\n<p>\u201cEsto tiene un componente agregado que es \u00fanico, que no se puede comparar con nada, por supuesto que el Colon es el Colon y es incomparable inclusive cuando uno hace referencia a grandes teatros del mundo, y eso es algo que la mayor\u00eda de los artistas, tanto nacionales como extranjeros comparten, esa opini\u00f3n de que el Colon es incre\u00edble como teatro, quiz\u00e1s el mejor de todos, pero hacer m\u00fasica en el lugar en donde uno naci\u00f3 y se form\u00f3 es realmente muy especial, desde todos los puntos de vista\u201d, destac\u00f3 Nelson Goerner.&nbsp;<\/p>\n\n\n\n<p>\u201cHay que fomentar el gusto por la m\u00fasica cl\u00e1sica desde los tratos inferiores de educaci\u00f3n, es decir, desde las escuelas primarias, desde la m\u00e1s temprana infancia yo dir\u00eda\u201d. \u201cYo creo que eso depende de que el p\u00fablico se vaya renovando\u201d.&nbsp;<\/p>\n\n\n\n<p>\u201cA m\u00ed me llena de alegr\u00eda cuando veo a chicos j\u00f3venes que estudian m\u00fasica, pero otros que no lo hacen, que no son estudiantes de m\u00fasica ni de piano, ni de nada, pero que se acercan a los conciertos y los disfrutan, me pas\u00f3 en San Pedro, tanto con chicos que estudian en el Conservatorio de nuestra ciudad como chicos que no tienen una vinculaci\u00f3n especial pero que se acercaron al concierto\u201d, resalt\u00f3 en pianista durante la entrevista.<\/p>\n\n\n\n<p>\u201cLo que uno ve es que el p\u00fablico se va renovando y se acercan los chicos. Ese es el p\u00fablico de ma\u00f1ana y la m\u00fasica cl\u00e1sica no es para nada para una elite o no es nada selecto o mucho menos inaccesible, lo que pasa es que se trata de fomentar el gusto por la m\u00fasica, no es necesario ser un gran entendido para que la sensibilidad de uno lo acerque a esa m\u00fasica\u201d.<\/p>\n\n\n\n<p>Sobre la sensaci\u00f3n de volver a San Pedro y estar junto a sus seres queridos, Nelson Goerner asegur\u00f3: \u201cFue muy esperado el reencuentro con mi familia, como cada vez que vuelvo al pa\u00eds o cada vez que vuelvo a San Pedro. Esta vez tuve la suerte de pasar varios d\u00edas en San Pedro y prepararme mental y espiritualmente para lo que iba a vivir, que era el concierto del viernes\u201d.<\/p>\n\n\n\n<p>\u201cCuando voy a San Pedro me gusta caminar y recorrer nuestras calles, porque me traen a la memoria muchos recuerdos de cuando yo andaba en bicicleta por las calles. Voy recordando lugares que me son muy familiares porque los he visitado cuando era chico, casas de amigos que ya no est\u00e1n, es un sin n\u00famero de peque\u00f1as cosas que son grandes, porque ocupan un gran lugar en el coraz\u00f3n o en el alma\u201d.<\/p>\n\n\n\n<p>En cuanto a gustos y costumbres t\u00edpicas de los argentinos Goerner se\u00f1al\u00f3 que \u201cCuando voy al pa\u00eds me gusta comer un buen bife de chorizo o cuando voy a San Pedro me gusta comer alg\u00fan pescado de nuestro r\u00edo Paran\u00e1\u201d.<\/p>\n\n\n\n<p>\u201cMe acompa\u00f1\u00f3 mi esposa durante toda la gira que hice en la Argentina, estuve en C\u00f3rdoba, San Juan e hice una excursi\u00f3n muy bonita a dos parques que son una belleza, en San Juan y en La Rioja\u201d.&nbsp;<\/p>\n\n\n\n<p>\u201cYo me fui del pa\u00eds cuando era muy chico y hay cosas del pa\u00eds que no conozco, entonces estuvimos recorriendo con mi esposa, mi hijo estuvo hace poco\u201d, remarc\u00f3.<\/p>\n\n\n\n<p>En un tramo de la nota tambi\u00e9n se refiri\u00f3 a c\u00f3mo es su d\u00eda a d\u00eda: \u201cYo estoy radicado en Ginebra y llegamos el lunes pero el mi\u00e9rcoles me estoy yendo a Rumania, para ser presidente del jurado de un concurso pian\u00edstico en Bucarest, es el concurso Enescu, muy prestigioso, y tambi\u00e9n voy a dar un recital. Despu\u00e9s siguen los compromisos en Toulouse, Bilbao, Edimburgo y varias ciudades\u201d.<\/p>\n\n\n\n<p>\u201cEspero que el concierto en San Pedro se repita pronto, que no pase mucho tiempo y que pueda llegar a un mayor n\u00famero de gente\u201d, resalt\u00f3.<\/p>\n","protected":false},"excerpt":{"rendered":"<p>La presentaci\u00f3n del pianista fue tan emotiva como excepcional y esa velada perdurar\u00e1 en la memoria de todos durante mucho tiempo. Ya de regreso a su casa en Suiza, habl\u00f3 en el aire de FM G\u00e9nesis y cont\u00f3 la sensaci\u00f3n que le dej\u00f3 volver a tocar en su ciudad. La presentaci\u00f3n del pianista sampedrino Nelson [&hellip;]<\/p>\n","protected":false},"author":4,"featured_media":110570,"comment_status":"closed","ping_status":"closed","sticky":false,"template":"","format":"standard","meta":{"om_disable_all_campaigns":false,"_jetpack_memberships_contains_paid_content":false,"footnotes":""},"categories":[50,101,2],"tags":[197,696,33,3026,19],"class_list":["post-110569","post","type-post","status-publish","format-standard","has-post-thumbnail","hentry","category-destacadas","category-interes-general-locales","category-locales","tag-buenos-aires","tag-interes-general","tag-locales","tag-nelson-goerner-hacer-musica-en-el-lugar-en-donde-uno-nacio-y-se-formo-es-muy-especial","tag-san-pedro"],"aioseo_notices":[],"gutentor_comment":0,"jetpack_featured_media_url":"https:\/\/eldiariodesanpedro.com.ar\/sitio\/wp-content\/uploads\/2022\/09\/0000021235-resized-1920x1080-1.jpg","jetpack_shortlink":"https:\/\/wp.me\/p6RhLt-sLn","jetpack_sharing_enabled":true,"_links":{"self":[{"href":"https:\/\/eldiariodesanpedro.com.ar\/sitio\/wp-json\/wp\/v2\/posts\/110569","targetHints":{"allow":["GET"]}}],"collection":[{"href":"https:\/\/eldiariodesanpedro.com.ar\/sitio\/wp-json\/wp\/v2\/posts"}],"about":[{"href":"https:\/\/eldiariodesanpedro.com.ar\/sitio\/wp-json\/wp\/v2\/types\/post"}],"author":[{"embeddable":true,"href":"https:\/\/eldiariodesanpedro.com.ar\/sitio\/wp-json\/wp\/v2\/users\/4"}],"replies":[{"embeddable":true,"href":"https:\/\/eldiariodesanpedro.com.ar\/sitio\/wp-json\/wp\/v2\/comments?post=110569"}],"version-history":[{"count":1,"href":"https:\/\/eldiariodesanpedro.com.ar\/sitio\/wp-json\/wp\/v2\/posts\/110569\/revisions"}],"predecessor-version":[{"id":110571,"href":"https:\/\/eldiariodesanpedro.com.ar\/sitio\/wp-json\/wp\/v2\/posts\/110569\/revisions\/110571"}],"wp:featuredmedia":[{"embeddable":true,"href":"https:\/\/eldiariodesanpedro.com.ar\/sitio\/wp-json\/wp\/v2\/media\/110570"}],"wp:attachment":[{"href":"https:\/\/eldiariodesanpedro.com.ar\/sitio\/wp-json\/wp\/v2\/media?parent=110569"}],"wp:term":[{"taxonomy":"category","embeddable":true,"href":"https:\/\/eldiariodesanpedro.com.ar\/sitio\/wp-json\/wp\/v2\/categories?post=110569"},{"taxonomy":"post_tag","embeddable":true,"href":"https:\/\/eldiariodesanpedro.com.ar\/sitio\/wp-json\/wp\/v2\/tags?post=110569"}],"curies":[{"name":"wp","href":"https:\/\/api.w.org\/{rel}","templated":true}]}}