{"id":110566,"date":"2022-09-13T13:34:36","date_gmt":"2022-09-13T16:34:36","guid":{"rendered":"https:\/\/eldiariodesanpedro.com.ar\/sitio\/?p=110566"},"modified":"2022-09-13T13:34:37","modified_gmt":"2022-09-13T16:34:37","slug":"caso-lopez-garcia-elevaron-la-causa-a-juicio-bajo-la-caratula-homicidio-preterintencional","status":"publish","type":"post","link":"https:\/\/eldiariodesanpedro.com.ar\/sitio\/caso-lopez-garcia-elevaron-la-causa-a-juicio-bajo-la-caratula-homicidio-preterintencional\/","title":{"rendered":"Caso L\u00f3pez Garc\u00eda: Elevaron la causa a juicio bajo la car\u00e1tula \u00abhomicidio preterintencional\u00bb"},"content":{"rendered":"<!-- VideographyWP Plugin Message: Automatic video embedding prevented by plugin options. -->\n\n<p>El juzgado interviniente lleva el caso a juicio oral pero bajo la figura solicitada por el abogado defensor, Dr. Hugo Lima. La fiscal\u00eda hab\u00eda solicitado que se lo haga bajo la caratula de homicidio agravado. Otros dos polic\u00edas van a juicio por vejaciones.<\/p>\n\n\n\n<p>Finalmente el caso L\u00f3pez Garc\u00eda se definir\u00e1 en un juicio oral y p\u00fablico. En las \u00faltimas horas el juzgado interviniente elev\u00f3 la causa a juicio y ahora se deber\u00e1 aguardar para saber cu\u00e1ndo se fija la fecha del debate.<\/p>\n\n\n\n<p>La novedad del caso es que se hizo lugar al pedido que hab\u00eda hecho el doctor Hugo Lima, abogado defensor de los polic\u00edas imputados, y el caso llega al debate bajo la figura de homicidio preterintencional y no con la figura de homicidio agravado que hab\u00eda pretendido aplicar el fiscal Hern\u00e1n Granda.<\/p>\n\n\n\n<p>Lima hab\u00eda sostenido que se deb\u00eda mantener la car\u00e1tula por la cual los polic\u00edas hab\u00edan sido beneficiados con la excarcelaci\u00f3n y as\u00ed t\u00e9rmino defini\u00e9ndolo el juez que interviene en el caso.<\/p>\n\n\n\n<p>De esta manera los polic\u00edas acusados,&nbsp;Rodrigo Vel\u00e1zquez y Emanuel Gonz\u00e1lez,&nbsp;ante cualquier instancia definitoria podr\u00e1n transcurrir la pena en libertad o excarcelados, mientras que de haber sido bajo la figura del homicidio agravado la pena era de reclusi\u00f3n perpetua.<\/p>\n\n\n\n<p>A la vez, tambi\u00e9n se mantuvo la car\u00e1tula original contra los otros dos polic\u00edas, Miguel Romero y Carlos Salas, que estaban imputados la situaci\u00f3n que se dio con otras personas que hab\u00eda en la casa. En este caso el juzgado de garant\u00edas mantuvo la figura de vejaciones y no la de lesiones agravadas como lo solicit\u00f3 la fiscal\u00eda. Figura que tambi\u00e9n aliviar\u00e1 la pena para los funcionarios involucrados.<\/p>\n\n\n\n<p>El hecho en cuesti\u00f3n se origin\u00f3 en la noche del 2 de mayo del a\u00f1o 2021 cuando en un confuso episodio la polic\u00eda intervino en el domicilio de la familia L\u00f3pez Garc\u00eda, ubicado en Fray del Pozo y Casella, y all\u00ed es donde result\u00f3 lesionado Germ\u00e1n L\u00f3pez Garc\u00eda quien luego de permanecer 28 d\u00edas internado en el hospital local falleci\u00f3. La defensa de los polic\u00edas acusados siempre sostuvo que el fallecimiento del hombre se produjo debido a lesiones que presentaba de larga data y no por la presunta golpiza sufrida.<\/p>\n","protected":false},"excerpt":{"rendered":"<p>El juzgado interviniente lleva el caso a juicio oral pero bajo la figura solicitada por el abogado defensor, Dr. Hugo Lima. La fiscal\u00eda hab\u00eda solicitado que se lo haga bajo la caratula de homicidio agravado. Otros dos polic\u00edas van a juicio por vejaciones. Finalmente el caso L\u00f3pez Garc\u00eda se definir\u00e1 en un juicio oral y [&hellip;]<\/p>\n","protected":false},"author":4,"featured_media":110567,"comment_status":"closed","ping_status":"closed","sticky":false,"template":"","format":"standard","meta":{"om_disable_all_campaigns":false,"_jetpack_memberships_contains_paid_content":false,"footnotes":""},"categories":[50,101,2],"tags":[197,696,33,19],"class_list":["post-110566","post","type-post","status-publish","format-standard","has-post-thumbnail","hentry","category-destacadas","category-interes-general-locales","category-locales","tag-buenos-aires","tag-interes-general","tag-locales","tag-san-pedro"],"aioseo_notices":[],"gutentor_comment":0,"jetpack_featured_media_url":"https:\/\/eldiariodesanpedro.com.ar\/sitio\/wp-content\/uploads\/2022\/09\/0000021233-resized-1920x1080-1.jpg","jetpack_shortlink":"https:\/\/wp.me\/p6RhLt-sLk","jetpack_sharing_enabled":true,"_links":{"self":[{"href":"https:\/\/eldiariodesanpedro.com.ar\/sitio\/wp-json\/wp\/v2\/posts\/110566","targetHints":{"allow":["GET"]}}],"collection":[{"href":"https:\/\/eldiariodesanpedro.com.ar\/sitio\/wp-json\/wp\/v2\/posts"}],"about":[{"href":"https:\/\/eldiariodesanpedro.com.ar\/sitio\/wp-json\/wp\/v2\/types\/post"}],"author":[{"embeddable":true,"href":"https:\/\/eldiariodesanpedro.com.ar\/sitio\/wp-json\/wp\/v2\/users\/4"}],"replies":[{"embeddable":true,"href":"https:\/\/eldiariodesanpedro.com.ar\/sitio\/wp-json\/wp\/v2\/comments?post=110566"}],"version-history":[{"count":1,"href":"https:\/\/eldiariodesanpedro.com.ar\/sitio\/wp-json\/wp\/v2\/posts\/110566\/revisions"}],"predecessor-version":[{"id":110568,"href":"https:\/\/eldiariodesanpedro.com.ar\/sitio\/wp-json\/wp\/v2\/posts\/110566\/revisions\/110568"}],"wp:featuredmedia":[{"embeddable":true,"href":"https:\/\/eldiariodesanpedro.com.ar\/sitio\/wp-json\/wp\/v2\/media\/110567"}],"wp:attachment":[{"href":"https:\/\/eldiariodesanpedro.com.ar\/sitio\/wp-json\/wp\/v2\/media?parent=110566"}],"wp:term":[{"taxonomy":"category","embeddable":true,"href":"https:\/\/eldiariodesanpedro.com.ar\/sitio\/wp-json\/wp\/v2\/categories?post=110566"},{"taxonomy":"post_tag","embeddable":true,"href":"https:\/\/eldiariodesanpedro.com.ar\/sitio\/wp-json\/wp\/v2\/tags?post=110566"}],"curies":[{"name":"wp","href":"https:\/\/api.w.org\/{rel}","templated":true}]}}