{"id":110563,"date":"2022-09-13T13:31:43","date_gmt":"2022-09-13T16:31:43","guid":{"rendered":"https:\/\/eldiariodesanpedro.com.ar\/sitio\/?p=110563"},"modified":"2022-09-13T13:31:45","modified_gmt":"2022-09-13T16:31:45","slug":"el-aeroclub-san-pedro-participo-de-reunion-con-el-vice-ministro-de-ambiente-y-desarrollo-sostenible-de-la-nacion","status":"publish","type":"post","link":"https:\/\/eldiariodesanpedro.com.ar\/sitio\/el-aeroclub-san-pedro-participo-de-reunion-con-el-vice-ministro-de-ambiente-y-desarrollo-sostenible-de-la-nacion\/","title":{"rendered":"El Aeroclub San Pedro particip\u00f3 de reuni\u00f3n con el Vice-Ministro de Ambiente y Desarrollo Sostenible de la Naci\u00f3n"},"content":{"rendered":"<!-- VideographyWP Plugin Message: Automatic video embedding prevented by plugin options. -->\n\n<p>En la reuni\u00f3n se dejaron planteados los inconvenientes que genera el cierre del espacio a\u00e9reo en la zona que involucran a los Aeroclubes mencionados en oportunidad de la actuaci\u00f3n de las brigadas y aeronaves que operan para minimizar los efectos de los focos igneos en zona de islas.<\/p>\n\n\n\n<p>Una delegaci\u00f3n compuesta por representantes de FADA acompa\u00f1ados por integrantes de los Aeroclubes de Rosario, Pueblo Esther, San Nicolas de Los Arroyos y San Pedro, fueron recibidos en la Secretaria de Ambiente y Desarrollo Sostenible de la Naci\u00f3n.<\/p>\n\n\n\n<p>En la reuni\u00f3n se dejaron planteados los inconvenientes que genera el cierre del espacio a\u00e9reo en la zona que involucran a los Aeroclubes mencionados en oportunidad de la actuaci\u00f3n de las brigadas y aeronaves que operan para minimizar los efectos de los focos igneos en zona de islas.<\/p>\n\n\n\n<p>En este sentido tanto desde FADA como los distintos Aeroclubes se dejaron algunas alternativas y opciones para que se puedan realizar, tanto el combate de incendios, como para la actividad normal de las escuelas de vuelo y talleres afectados ante un cierre de espacio a\u00e9reo.<\/p>\n\n\n\n<p>Cada uno de los Aeroclubes representados en la reuni\u00f3n, tuvieron la posibilidad de abundar en detalles propios e inherentes a sus realidades y las formas de trabajar coordinados con los brigadistas y aeronaves que despliegan a la zona caliente.<\/p>\n\n\n\n<p>Dejamos abiertos los contactos no s\u00f3lo de los que participaron de la reuni\u00f3n, sino tambien de nuestros Delegados Regionales y Agentes FADA, ante cualquier acci\u00f3n de colaboraci\u00f3n y coordinaci\u00f3n en el pa\u00eds, ya que al momento de la reuni\u00f3n, se conocian situaciones complejas con el fuego en la provincia de C\u00f3rdoba y Patagonia.<\/p>\n\n\n\n<p>Desde FADA queremos agradecer al se\u00f1or Vice-ministro de Ambiente y Desarrollo Sostenible, Sergio Federovisky, a la Aserora Legal Dra. Candela Nassi, al Director de Prevenci\u00f3n, Jorge Heider y a la Directora de Operaciones y Log\u00edstica, Noelia Ortiz, por la oportunidad para intercambiar informaci\u00f3n pero adem\u00e1s y muy importante, por generar un espacio de trabajo colaborativo.<\/p>\n\n\n\n<p>La delegaci\u00f3n de Aeroclubes estuvo integrada por, Juan Panzera, Delegado Regional FADA (C\u00edrculo Aviaci\u00f3n Rosario-Pueblo Esther), Marianela Vicente (Presidenta del AC Rosario-Alvear), Eduardo G\u00e9nova (Presidente del AC San Pedro) y Rom\u00e1n Perna (Presidente del AC San Nicol\u00e1s) en tanto que por FADA, hicieron lo propio, Diego Martinez (Secretario) y el Dr. Mart\u00edn Pratto Chiarella (Secretario de la UAAR y Asesor Legal de FADA)<\/p>\n","protected":false},"excerpt":{"rendered":"<p>En la reuni\u00f3n se dejaron planteados los inconvenientes que genera el cierre del espacio a\u00e9reo en la zona que involucran a los Aeroclubes mencionados en oportunidad de la actuaci\u00f3n de las brigadas y aeronaves que operan para minimizar los efectos de los focos igneos en zona de islas. Una delegaci\u00f3n compuesta por representantes de FADA [&hellip;]<\/p>\n","protected":false},"author":4,"featured_media":110564,"comment_status":"closed","ping_status":"closed","sticky":false,"template":"","format":"standard","meta":{"om_disable_all_campaigns":false,"_jetpack_memberships_contains_paid_content":false,"footnotes":""},"categories":[101,2],"tags":[197,696,33,19],"class_list":["post-110563","post","type-post","status-publish","format-standard","has-post-thumbnail","hentry","category-interes-general-locales","category-locales","tag-buenos-aires","tag-interes-general","tag-locales","tag-san-pedro"],"aioseo_notices":[],"gutentor_comment":0,"jetpack_featured_media_url":"https:\/\/eldiariodesanpedro.com.ar\/sitio\/wp-content\/uploads\/2022\/09\/0000021227-resized-1920x1080-1.jpeg","jetpack_shortlink":"https:\/\/wp.me\/p6RhLt-sLh","jetpack_sharing_enabled":true,"_links":{"self":[{"href":"https:\/\/eldiariodesanpedro.com.ar\/sitio\/wp-json\/wp\/v2\/posts\/110563","targetHints":{"allow":["GET"]}}],"collection":[{"href":"https:\/\/eldiariodesanpedro.com.ar\/sitio\/wp-json\/wp\/v2\/posts"}],"about":[{"href":"https:\/\/eldiariodesanpedro.com.ar\/sitio\/wp-json\/wp\/v2\/types\/post"}],"author":[{"embeddable":true,"href":"https:\/\/eldiariodesanpedro.com.ar\/sitio\/wp-json\/wp\/v2\/users\/4"}],"replies":[{"embeddable":true,"href":"https:\/\/eldiariodesanpedro.com.ar\/sitio\/wp-json\/wp\/v2\/comments?post=110563"}],"version-history":[{"count":1,"href":"https:\/\/eldiariodesanpedro.com.ar\/sitio\/wp-json\/wp\/v2\/posts\/110563\/revisions"}],"predecessor-version":[{"id":110565,"href":"https:\/\/eldiariodesanpedro.com.ar\/sitio\/wp-json\/wp\/v2\/posts\/110563\/revisions\/110565"}],"wp:featuredmedia":[{"embeddable":true,"href":"https:\/\/eldiariodesanpedro.com.ar\/sitio\/wp-json\/wp\/v2\/media\/110564"}],"wp:attachment":[{"href":"https:\/\/eldiariodesanpedro.com.ar\/sitio\/wp-json\/wp\/v2\/media?parent=110563"}],"wp:term":[{"taxonomy":"category","embeddable":true,"href":"https:\/\/eldiariodesanpedro.com.ar\/sitio\/wp-json\/wp\/v2\/categories?post=110563"},{"taxonomy":"post_tag","embeddable":true,"href":"https:\/\/eldiariodesanpedro.com.ar\/sitio\/wp-json\/wp\/v2\/tags?post=110563"}],"curies":[{"name":"wp","href":"https:\/\/api.w.org\/{rel}","templated":true}]}}