{"id":110560,"date":"2022-09-13T12:47:03","date_gmt":"2022-09-13T15:47:03","guid":{"rendered":"https:\/\/eldiariodesanpedro.com.ar\/sitio\/?p=110560"},"modified":"2022-09-13T12:47:04","modified_gmt":"2022-09-13T15:47:04","slug":"encuentran-en-las-barrancas-dos-balas-de-canon-en-perfecto-estado-de-conservacion","status":"publish","type":"post","link":"https:\/\/eldiariodesanpedro.com.ar\/sitio\/encuentran-en-las-barrancas-dos-balas-de-canon-en-perfecto-estado-de-conservacion\/","title":{"rendered":"Encuentran en las barrancas dos balas de ca\u00f1\u00f3n en perfecto estado de conservaci\u00f3n"},"content":{"rendered":"<!-- VideographyWP Plugin Message: Automatic video embedding prevented by plugin options. -->\n\n<p>Mientras el&nbsp;<strong>Sr.<\/strong><strong>Marcelo Torres\u00edn<\/strong>, vecino de nuestra ciudad, recorr\u00eda un sector del frente de barrancas presente en nuestra zona, observ\u00f3 dos objetos met\u00e1licos oscuros que sobresal\u00edan entre las rocas y los sedimentos que los rodeaban.&nbsp;Al ver que ten\u00edan superficie lisa y forma esf\u00e9rica, trat\u00f3 de liberarlos del terreno. Para su sorpresa, pronto se dio cuenta de que se trataba de dos balas de ca\u00f1\u00f3n.<\/p>\n\n\n\n<p>Con el fruto de su descubrimiento en sus manos, acudi\u00f3 de inmediato al Grupo Conservacionista de F\u00f3siles, equipo del Museo Paleontol\u00f3gico de San Pedro, para que los objetos hallados quedaran&nbsp;en la instituci\u00f3n.<\/p>\n\n\n\n<p>Las dos balas, construidas en&nbsp;<strong>hierro macizo<\/strong>, son id\u00e9nticas, con un di\u00e1metro de&nbsp;<strong>7,5 cm<\/strong>&nbsp;cada una y un peso, ambas, de&nbsp;<strong>3,5 kilogramos<\/strong>.<\/p>\n\n\n\n<p>Si bien no se puede determinar con exactitud en qu\u00e9 circunstancias quedaron depositadas en la zona del hallazgo, se sabe que en nuestra zona, en tiempos hist\u00f3ricos, se dieron diferentes escaramuzas en las que se utiliz\u00f3 artiller\u00eda volante y ca\u00f1ones de bajo a mediano calibre.<\/p>\n\n\n\n<p>Por recordar s\u00f3lo uno de estos hechos, se puede mencionar el ca\u00f1oneo sufrido por el pueblo en 1829 cuando una flota enviada desde Buenos Aires, bombarde\u00f3 el casco urbano destruyendo varias viviendas.&nbsp;<\/p>\n\n\n\n<p>Rencillas pol\u00edticas, hostigamientos realistas y dem\u00e1s desencuentros hist\u00f3ricos, han dejado su huella en las barrancas con objetos como estos.<\/p>\n\n\n\n<p>Desde el grupo del Museo Paleontol\u00f3gico se agradece enormemente el gesto del&nbsp;<strong>Sr. Marcelo Torres\u00edn<\/strong>&nbsp;al haberse acercado a donar el material encontrado que desde ahora queda a disposici\u00f3n de sampedrinos y visitantes.&nbsp;<\/p>\n","protected":false},"excerpt":{"rendered":"<p>Mientras el&nbsp;Sr.Marcelo Torres\u00edn, vecino de nuestra ciudad, recorr\u00eda un sector del frente de barrancas presente en nuestra zona, observ\u00f3 dos objetos met\u00e1licos oscuros que sobresal\u00edan entre las rocas y los sedimentos que los rodeaban.&nbsp;Al ver que ten\u00edan superficie lisa y forma esf\u00e9rica, trat\u00f3 de liberarlos del terreno. Para su sorpresa, pronto se dio cuenta de [&hellip;]<\/p>\n","protected":false},"author":4,"featured_media":110561,"comment_status":"closed","ping_status":"closed","sticky":false,"template":"","format":"standard","meta":{"om_disable_all_campaigns":false,"_jetpack_memberships_contains_paid_content":false,"footnotes":""},"categories":[50,101,2],"tags":[197,3025,696,33,19],"class_list":["post-110560","post","type-post","status-publish","format-standard","has-post-thumbnail","hentry","category-destacadas","category-interes-general-locales","category-locales","tag-buenos-aires","tag-encuentran-en-las-barrancas-dos-balas-de-canon-en-perfecto-estado-de-conservacion","tag-interes-general","tag-locales","tag-san-pedro"],"aioseo_notices":[],"gutentor_comment":0,"jetpack_featured_media_url":"https:\/\/eldiariodesanpedro.com.ar\/sitio\/wp-content\/uploads\/2022\/09\/IMG_20220911_152802655.jpg","jetpack_shortlink":"https:\/\/wp.me\/p6RhLt-sLe","jetpack_sharing_enabled":true,"_links":{"self":[{"href":"https:\/\/eldiariodesanpedro.com.ar\/sitio\/wp-json\/wp\/v2\/posts\/110560","targetHints":{"allow":["GET"]}}],"collection":[{"href":"https:\/\/eldiariodesanpedro.com.ar\/sitio\/wp-json\/wp\/v2\/posts"}],"about":[{"href":"https:\/\/eldiariodesanpedro.com.ar\/sitio\/wp-json\/wp\/v2\/types\/post"}],"author":[{"embeddable":true,"href":"https:\/\/eldiariodesanpedro.com.ar\/sitio\/wp-json\/wp\/v2\/users\/4"}],"replies":[{"embeddable":true,"href":"https:\/\/eldiariodesanpedro.com.ar\/sitio\/wp-json\/wp\/v2\/comments?post=110560"}],"version-history":[{"count":1,"href":"https:\/\/eldiariodesanpedro.com.ar\/sitio\/wp-json\/wp\/v2\/posts\/110560\/revisions"}],"predecessor-version":[{"id":110562,"href":"https:\/\/eldiariodesanpedro.com.ar\/sitio\/wp-json\/wp\/v2\/posts\/110560\/revisions\/110562"}],"wp:featuredmedia":[{"embeddable":true,"href":"https:\/\/eldiariodesanpedro.com.ar\/sitio\/wp-json\/wp\/v2\/media\/110561"}],"wp:attachment":[{"href":"https:\/\/eldiariodesanpedro.com.ar\/sitio\/wp-json\/wp\/v2\/media?parent=110560"}],"wp:term":[{"taxonomy":"category","embeddable":true,"href":"https:\/\/eldiariodesanpedro.com.ar\/sitio\/wp-json\/wp\/v2\/categories?post=110560"},{"taxonomy":"post_tag","embeddable":true,"href":"https:\/\/eldiariodesanpedro.com.ar\/sitio\/wp-json\/wp\/v2\/tags?post=110560"}],"curies":[{"name":"wp","href":"https:\/\/api.w.org\/{rel}","templated":true}]}}