{"id":110555,"date":"2022-09-13T11:40:28","date_gmt":"2022-09-13T14:40:28","guid":{"rendered":"https:\/\/eldiariodesanpedro.com.ar\/sitio\/?p=110555"},"modified":"2022-09-13T11:40:29","modified_gmt":"2022-09-13T14:40:29","slug":"reunion-de-la-mesa-distrital-del-consejo-provincial-de-educacion-y-trabajo","status":"publish","type":"post","link":"https:\/\/eldiariodesanpedro.com.ar\/sitio\/reunion-de-la-mesa-distrital-del-consejo-provincial-de-educacion-y-trabajo\/","title":{"rendered":"Reuni\u00f3n de la Mesa Distrital del Consejo Provincial de Educaci\u00f3n y Trabajo"},"content":{"rendered":"<!-- VideographyWP Plugin Message: Automatic video embedding prevented by plugin options. -->\n\n<p>El d\u00eda viernes se realiz\u00f3 en la sede de la Liga Deportiva Sampedrina una reuni\u00f3n de la Mesa Distrital del Consejo Provincial de Educaci\u00f3n y Trabajo presidida por el Secretario Coordinador Prof. Alan Ocampo y la Jefa Distrital de Educaci\u00f3n Lic. Marcela Lucchesi.<\/p>\n\n\n\n<p>Este espacio re\u00fane a los diferentes actores que intervienen en la conjugaci\u00f3n del mundo de estudio y el del trabajo para los y las j\u00f3venes estudiantes. Directivos de Escuela T\u00e9cnicas, Institutos Superiores de Formaci\u00f3n, Centros de Formaci\u00f3n Laboral, Sindicatos, Municipalidad, etc.<\/p>\n\n\n\n<p>Durante el encuentro se avanz\u00f3 en una agenda de trabajo para lo que resta del a\u00f1o, comenzando a perfilar a partir de las demandas, los cursos y carreras para el 2023.<\/p>\n\n\n\n<p>La actividad cont\u00f3 con la presencia de Adri\u00e1n Pagani, Secretario Ejecutivo del COPRET; Lorena Mart\u00edn, Directora de Educaci\u00f3n y trabajo del COPRET; Vanesa Giorgi, referente territorial del COPRET; Mar\u00eda Rosa Puppo, Coordinadora del Instituto Provincial de Formaci\u00f3n Laboral; Martin Baraybar, Secretario de Desarrollo Econ\u00f3mico de la Municipalidad de San Pedro y Sof\u00eda Rotundo, Delegada local del Ministerio de Trabajo.<\/p>\n\n\n\n<figure class=\"wp-block-image size-full\"><img decoding=\"async\" width=\"840\" height=\"630\" data-attachment-id=\"110557\" data-permalink=\"https:\/\/eldiariodesanpedro.com.ar\/sitio\/reunion-de-la-mesa-distrital-del-consejo-provincial-de-educacion-y-trabajo\/whatsapp-image-2022-09-13-at-09-50-55\/\" data-orig-file=\"https:\/\/eldiariodesanpedro.com.ar\/sitio\/wp-content\/uploads\/2022\/09\/WhatsApp-Image-2022-09-13-at-09.50.55.jpeg\" data-orig-size=\"840,630\" data-comments-opened=\"0\" data-image-meta=\"{&quot;aperture&quot;:&quot;0&quot;,&quot;credit&quot;:&quot;&quot;,&quot;camera&quot;:&quot;&quot;,&quot;caption&quot;:&quot;&quot;,&quot;created_timestamp&quot;:&quot;0&quot;,&quot;copyright&quot;:&quot;&quot;,&quot;focal_length&quot;:&quot;0&quot;,&quot;iso&quot;:&quot;0&quot;,&quot;shutter_speed&quot;:&quot;0&quot;,&quot;title&quot;:&quot;&quot;,&quot;orientation&quot;:&quot;0&quot;}\" data-image-title=\"WhatsApp Image 2022-09-13 at 09.50.55\" data-image-description=\"\" data-image-caption=\"\" data-large-file=\"https:\/\/eldiariodesanpedro.com.ar\/sitio\/wp-content\/uploads\/2022\/09\/WhatsApp-Image-2022-09-13-at-09.50.55.jpeg\" data-src=\"https:\/\/eldiariodesanpedro.com.ar\/sitio\/wp-content\/uploads\/2022\/09\/WhatsApp-Image-2022-09-13-at-09.50.55.jpeg\" alt=\"\" class=\"wp-image-110557 lazyload\" data-srcset=\"https:\/\/eldiariodesanpedro.com.ar\/sitio\/wp-content\/uploads\/2022\/09\/WhatsApp-Image-2022-09-13-at-09.50.55.jpeg 840w, https:\/\/eldiariodesanpedro.com.ar\/sitio\/wp-content\/uploads\/2022\/09\/WhatsApp-Image-2022-09-13-at-09.50.55-300x225.jpeg 300w, https:\/\/eldiariodesanpedro.com.ar\/sitio\/wp-content\/uploads\/2022\/09\/WhatsApp-Image-2022-09-13-at-09.50.55-768x576.jpeg 768w, https:\/\/eldiariodesanpedro.com.ar\/sitio\/wp-content\/uploads\/2022\/09\/WhatsApp-Image-2022-09-13-at-09.50.55-272x204.jpeg 272w\" data-sizes=\"(max-width: 840px) 100vw, 840px\" src=\"data:image\/svg+xml;base64,PHN2ZyB3aWR0aD0iMSIgaGVpZ2h0PSIxIiB4bWxucz0iaHR0cDovL3d3dy53My5vcmcvMjAwMC9zdmciPjwvc3ZnPg==\" style=\"--smush-placeholder-width: 840px; --smush-placeholder-aspect-ratio: 840\/630;\" \/><\/figure>\n","protected":false},"excerpt":{"rendered":"<p>El d\u00eda viernes se realiz\u00f3 en la sede de la Liga Deportiva Sampedrina una reuni\u00f3n de la Mesa Distrital del Consejo Provincial de Educaci\u00f3n y Trabajo presidida por el Secretario Coordinador Prof. Alan Ocampo y la Jefa Distrital de Educaci\u00f3n Lic. Marcela Lucchesi. Este espacio re\u00fane a los diferentes actores que intervienen en la conjugaci\u00f3n [&hellip;]<\/p>\n","protected":false},"author":4,"featured_media":110556,"comment_status":"closed","ping_status":"closed","sticky":false,"template":"","format":"standard","meta":{"om_disable_all_campaigns":false,"_jetpack_memberships_contains_paid_content":false,"footnotes":""},"categories":[50,101,2],"tags":[197,696,33,19],"class_list":["post-110555","post","type-post","status-publish","format-standard","has-post-thumbnail","hentry","category-destacadas","category-interes-general-locales","category-locales","tag-buenos-aires","tag-interes-general","tag-locales","tag-san-pedro"],"aioseo_notices":[],"gutentor_comment":0,"jetpack_featured_media_url":"https:\/\/eldiariodesanpedro.com.ar\/sitio\/wp-content\/uploads\/2022\/09\/WhatsApp-Image-2022-09-13-at-09.50.56.jpeg","jetpack_shortlink":"https:\/\/wp.me\/p6RhLt-sL9","jetpack_sharing_enabled":true,"_links":{"self":[{"href":"https:\/\/eldiariodesanpedro.com.ar\/sitio\/wp-json\/wp\/v2\/posts\/110555","targetHints":{"allow":["GET"]}}],"collection":[{"href":"https:\/\/eldiariodesanpedro.com.ar\/sitio\/wp-json\/wp\/v2\/posts"}],"about":[{"href":"https:\/\/eldiariodesanpedro.com.ar\/sitio\/wp-json\/wp\/v2\/types\/post"}],"author":[{"embeddable":true,"href":"https:\/\/eldiariodesanpedro.com.ar\/sitio\/wp-json\/wp\/v2\/users\/4"}],"replies":[{"embeddable":true,"href":"https:\/\/eldiariodesanpedro.com.ar\/sitio\/wp-json\/wp\/v2\/comments?post=110555"}],"version-history":[{"count":1,"href":"https:\/\/eldiariodesanpedro.com.ar\/sitio\/wp-json\/wp\/v2\/posts\/110555\/revisions"}],"predecessor-version":[{"id":110558,"href":"https:\/\/eldiariodesanpedro.com.ar\/sitio\/wp-json\/wp\/v2\/posts\/110555\/revisions\/110558"}],"wp:featuredmedia":[{"embeddable":true,"href":"https:\/\/eldiariodesanpedro.com.ar\/sitio\/wp-json\/wp\/v2\/media\/110556"}],"wp:attachment":[{"href":"https:\/\/eldiariodesanpedro.com.ar\/sitio\/wp-json\/wp\/v2\/media?parent=110555"}],"wp:term":[{"taxonomy":"category","embeddable":true,"href":"https:\/\/eldiariodesanpedro.com.ar\/sitio\/wp-json\/wp\/v2\/categories?post=110555"},{"taxonomy":"post_tag","embeddable":true,"href":"https:\/\/eldiariodesanpedro.com.ar\/sitio\/wp-json\/wp\/v2\/tags?post=110555"}],"curies":[{"name":"wp","href":"https:\/\/api.w.org\/{rel}","templated":true}]}}