{"id":110552,"date":"2022-09-13T11:37:34","date_gmt":"2022-09-13T14:37:34","guid":{"rendered":"https:\/\/eldiariodesanpedro.com.ar\/sitio\/?p=110552"},"modified":"2022-09-13T11:37:35","modified_gmt":"2022-09-13T14:37:35","slug":"nuevos-horarios-en-el-servicio-de-trenes","status":"publish","type":"post","link":"https:\/\/eldiariodesanpedro.com.ar\/sitio\/nuevos-horarios-en-el-servicio-de-trenes\/","title":{"rendered":"Nuevos horarios en el servicio de trenes"},"content":{"rendered":"<!-- VideographyWP Plugin Message: Automatic video embedding prevented by plugin options. -->\n\n<p>La Municipalidad de San Pedro informa el nuevo cronograma de horarios que estar\u00e1 vigente a partir del mes de octubre para el servicio de trenes que une las ciudades de Buenos Aires y Rosario.<\/p>\n\n\n\n<p>Desde el lunes 3 de octubre, los viajes diarios que partir\u00e1n desde Retiro a las 19.30 hs, pasar\u00e1 por San Pedro a las 22.48 y llegar\u00e1 a Rosario a la 1.54 hs.<\/p>\n\n\n\n<p>El servicio que parte de Rosario comenzar\u00e1 su recorrido a las 2.48 hs. y parar\u00e1 en San Pedro a las 5.51, llegando a retiro a las 9.12 hs.<\/p>\n\n\n\n<p>Las paradas confirmadas hasta el momento son Ramallo, San Pedro, Baradero, Lima, Z\u00e1rate y Campana.<\/p>\n","protected":false},"excerpt":{"rendered":"<p>La Municipalidad de San Pedro informa el nuevo cronograma de horarios que estar\u00e1 vigente a partir del mes de octubre para el servicio de trenes que une las ciudades de Buenos Aires y Rosario. Desde el lunes 3 de octubre, los viajes diarios que partir\u00e1n desde Retiro a las 19.30 hs, pasar\u00e1 por San Pedro [&hellip;]<\/p>\n","protected":false},"author":4,"featured_media":1010,"comment_status":"closed","ping_status":"closed","sticky":false,"template":"","format":"standard","meta":{"om_disable_all_campaigns":false,"_jetpack_memberships_contains_paid_content":false,"footnotes":""},"categories":[50,101,2],"tags":[197,696,33,19],"class_list":["post-110552","post","type-post","status-publish","format-standard","has-post-thumbnail","hentry","category-destacadas","category-interes-general-locales","category-locales","tag-buenos-aires","tag-interes-general","tag-locales","tag-san-pedro"],"aioseo_notices":[],"gutentor_comment":0,"jetpack_featured_media_url":"https:\/\/eldiariodesanpedro.com.ar\/sitio\/wp-content\/uploads\/2015\/11\/Tren-Tucum\u00e1n.jpg","jetpack_shortlink":"https:\/\/wp.me\/p6RhLt-sL6","jetpack_sharing_enabled":true,"_links":{"self":[{"href":"https:\/\/eldiariodesanpedro.com.ar\/sitio\/wp-json\/wp\/v2\/posts\/110552","targetHints":{"allow":["GET"]}}],"collection":[{"href":"https:\/\/eldiariodesanpedro.com.ar\/sitio\/wp-json\/wp\/v2\/posts"}],"about":[{"href":"https:\/\/eldiariodesanpedro.com.ar\/sitio\/wp-json\/wp\/v2\/types\/post"}],"author":[{"embeddable":true,"href":"https:\/\/eldiariodesanpedro.com.ar\/sitio\/wp-json\/wp\/v2\/users\/4"}],"replies":[{"embeddable":true,"href":"https:\/\/eldiariodesanpedro.com.ar\/sitio\/wp-json\/wp\/v2\/comments?post=110552"}],"version-history":[{"count":1,"href":"https:\/\/eldiariodesanpedro.com.ar\/sitio\/wp-json\/wp\/v2\/posts\/110552\/revisions"}],"predecessor-version":[{"id":110553,"href":"https:\/\/eldiariodesanpedro.com.ar\/sitio\/wp-json\/wp\/v2\/posts\/110552\/revisions\/110553"}],"wp:featuredmedia":[{"embeddable":true,"href":"https:\/\/eldiariodesanpedro.com.ar\/sitio\/wp-json\/wp\/v2\/media\/1010"}],"wp:attachment":[{"href":"https:\/\/eldiariodesanpedro.com.ar\/sitio\/wp-json\/wp\/v2\/media?parent=110552"}],"wp:term":[{"taxonomy":"category","embeddable":true,"href":"https:\/\/eldiariodesanpedro.com.ar\/sitio\/wp-json\/wp\/v2\/categories?post=110552"},{"taxonomy":"post_tag","embeddable":true,"href":"https:\/\/eldiariodesanpedro.com.ar\/sitio\/wp-json\/wp\/v2\/tags?post=110552"}],"curies":[{"name":"wp","href":"https:\/\/api.w.org\/{rel}","templated":true}]}}