{"id":110544,"date":"2022-09-13T11:11:35","date_gmt":"2022-09-13T14:11:35","guid":{"rendered":"https:\/\/eldiariodesanpedro.com.ar\/sitio\/?p=110544"},"modified":"2022-09-13T11:11:36","modified_gmt":"2022-09-13T14:11:36","slug":"jornada-de-fortalecimiento-del-sistema-de-defensa-civil","status":"publish","type":"post","link":"https:\/\/eldiariodesanpedro.com.ar\/sitio\/jornada-de-fortalecimiento-del-sistema-de-defensa-civil\/","title":{"rendered":"Jornada de fortalecimiento del sistema de Defensa Civil"},"content":{"rendered":"<!-- VideographyWP Plugin Message: Automatic video embedding prevented by plugin options. -->\n\n<p>La Municipalidad de San Pedro, a trav\u00e9s de la Direcci\u00f3n de Defensa Civil informa que se desarrollar\u00e1 en el Sal\u00f3n Dorado del Honorable Concejo Deliberante una jornada de fortalecimiento del sistema de Defensa Civil llevado a cabo por la Drecci\u00f3n de Fortalecimiento del Sistema de Defensa Civil dependiente del Ministerio de Seguridad de la Provincia de Buenos Aires.<\/p>\n\n\n\n<p>La actividad se desarrollar\u00e1 el s\u00e1bado 24 de septiembre de 10 a 15 hs. en Pellegrini 150 y est\u00e1 destinada a todos los integrantes de Defensa Civil que forman parte de la junta municipal y aquellas instituciones que deseen enviar personal para formar parte de la jornada. Los interesados deber\u00e1n acceder al siguiente link: <a href=\"https:\/\/bit.ly\/3RRlU6S\">https:\/\/bit.ly\/3RRlU6S<\/a> y completar la planilla correspondiente.<\/p>\n\n\n\n<figure class=\"wp-block-image size-full\"><img decoding=\"async\" width=\"354\" height=\"630\" data-attachment-id=\"110546\" data-permalink=\"https:\/\/eldiariodesanpedro.com.ar\/sitio\/jornada-de-fortalecimiento-del-sistema-de-defensa-civil\/whatsapp-image-2022-09-12-at-11-07-54\/\" data-orig-file=\"https:\/\/eldiariodesanpedro.com.ar\/sitio\/wp-content\/uploads\/2022\/09\/WhatsApp-Image-2022-09-12-at-11.07.54.jpeg\" data-orig-size=\"354,630\" data-comments-opened=\"0\" data-image-meta=\"{&quot;aperture&quot;:&quot;0&quot;,&quot;credit&quot;:&quot;&quot;,&quot;camera&quot;:&quot;&quot;,&quot;caption&quot;:&quot;&quot;,&quot;created_timestamp&quot;:&quot;0&quot;,&quot;copyright&quot;:&quot;&quot;,&quot;focal_length&quot;:&quot;0&quot;,&quot;iso&quot;:&quot;0&quot;,&quot;shutter_speed&quot;:&quot;0&quot;,&quot;title&quot;:&quot;&quot;,&quot;orientation&quot;:&quot;0&quot;}\" data-image-title=\"WhatsApp Image 2022-09-12 at 11.07.54\" data-image-description=\"\" data-image-caption=\"\" data-large-file=\"https:\/\/eldiariodesanpedro.com.ar\/sitio\/wp-content\/uploads\/2022\/09\/WhatsApp-Image-2022-09-12-at-11.07.54.jpeg\" data-src=\"https:\/\/eldiariodesanpedro.com.ar\/sitio\/wp-content\/uploads\/2022\/09\/WhatsApp-Image-2022-09-12-at-11.07.54.jpeg\" alt=\"\" class=\"wp-image-110546 lazyload\" data-srcset=\"https:\/\/eldiariodesanpedro.com.ar\/sitio\/wp-content\/uploads\/2022\/09\/WhatsApp-Image-2022-09-12-at-11.07.54.jpeg 354w, https:\/\/eldiariodesanpedro.com.ar\/sitio\/wp-content\/uploads\/2022\/09\/WhatsApp-Image-2022-09-12-at-11.07.54-169x300.jpeg 169w\" data-sizes=\"(max-width: 354px) 100vw, 354px\" src=\"data:image\/svg+xml;base64,PHN2ZyB3aWR0aD0iMSIgaGVpZ2h0PSIxIiB4bWxucz0iaHR0cDovL3d3dy53My5vcmcvMjAwMC9zdmciPjwvc3ZnPg==\" style=\"--smush-placeholder-width: 354px; --smush-placeholder-aspect-ratio: 354\/630;\" \/><\/figure>\n","protected":false},"excerpt":{"rendered":"<p>La Municipalidad de San Pedro, a trav\u00e9s de la Direcci\u00f3n de Defensa Civil informa que se desarrollar\u00e1 en el Sal\u00f3n Dorado del Honorable Concejo Deliberante una jornada de fortalecimiento del sistema de Defensa Civil llevado a cabo por la Drecci\u00f3n de Fortalecimiento del Sistema de Defensa Civil dependiente del Ministerio de Seguridad de la Provincia [&hellip;]<\/p>\n","protected":false},"author":4,"featured_media":110545,"comment_status":"closed","ping_status":"closed","sticky":false,"template":"","format":"standard","meta":{"om_disable_all_campaigns":false,"_jetpack_memberships_contains_paid_content":false,"footnotes":""},"categories":[101,2],"tags":[197,696,33,19],"class_list":["post-110544","post","type-post","status-publish","format-standard","has-post-thumbnail","hentry","category-interes-general-locales","category-locales","tag-buenos-aires","tag-interes-general","tag-locales","tag-san-pedro"],"aioseo_notices":[],"gutentor_comment":0,"jetpack_featured_media_url":"https:\/\/eldiariodesanpedro.com.ar\/sitio\/wp-content\/uploads\/2022\/09\/medida-5.png","jetpack_shortlink":"https:\/\/wp.me\/p6RhLt-sKY","jetpack_sharing_enabled":true,"_links":{"self":[{"href":"https:\/\/eldiariodesanpedro.com.ar\/sitio\/wp-json\/wp\/v2\/posts\/110544","targetHints":{"allow":["GET"]}}],"collection":[{"href":"https:\/\/eldiariodesanpedro.com.ar\/sitio\/wp-json\/wp\/v2\/posts"}],"about":[{"href":"https:\/\/eldiariodesanpedro.com.ar\/sitio\/wp-json\/wp\/v2\/types\/post"}],"author":[{"embeddable":true,"href":"https:\/\/eldiariodesanpedro.com.ar\/sitio\/wp-json\/wp\/v2\/users\/4"}],"replies":[{"embeddable":true,"href":"https:\/\/eldiariodesanpedro.com.ar\/sitio\/wp-json\/wp\/v2\/comments?post=110544"}],"version-history":[{"count":1,"href":"https:\/\/eldiariodesanpedro.com.ar\/sitio\/wp-json\/wp\/v2\/posts\/110544\/revisions"}],"predecessor-version":[{"id":110547,"href":"https:\/\/eldiariodesanpedro.com.ar\/sitio\/wp-json\/wp\/v2\/posts\/110544\/revisions\/110547"}],"wp:featuredmedia":[{"embeddable":true,"href":"https:\/\/eldiariodesanpedro.com.ar\/sitio\/wp-json\/wp\/v2\/media\/110545"}],"wp:attachment":[{"href":"https:\/\/eldiariodesanpedro.com.ar\/sitio\/wp-json\/wp\/v2\/media?parent=110544"}],"wp:term":[{"taxonomy":"category","embeddable":true,"href":"https:\/\/eldiariodesanpedro.com.ar\/sitio\/wp-json\/wp\/v2\/categories?post=110544"},{"taxonomy":"post_tag","embeddable":true,"href":"https:\/\/eldiariodesanpedro.com.ar\/sitio\/wp-json\/wp\/v2\/tags?post=110544"}],"curies":[{"name":"wp","href":"https:\/\/api.w.org\/{rel}","templated":true}]}}