{"id":110535,"date":"2022-09-09T17:16:41","date_gmt":"2022-09-09T20:16:41","guid":{"rendered":"https:\/\/eldiariodesanpedro.com.ar\/sitio\/?p=110535"},"modified":"2022-09-09T17:16:44","modified_gmt":"2022-09-09T20:16:44","slug":"asamblea-general-ordinaria-del-tiro-federal-de-san-pedro","status":"publish","type":"post","link":"https:\/\/eldiariodesanpedro.com.ar\/sitio\/asamblea-general-ordinaria-del-tiro-federal-de-san-pedro\/","title":{"rendered":"Asamblea General Ordinaria del Tiro Federal de San Pedro"},"content":{"rendered":"<!-- VideographyWP Plugin Message: Automatic video embedding prevented by plugin options. -->\n\n<p class=\"has-text-align-right\">San Pedro, 07 de septiembre de 2022<\/p>\n\n\n\n<p>El Tiro Federal San Pedro convoca a Asamblea General Ordinaria para el d\u00eda 13 de Octubre de 2022 a las 20:30 hs. en el domicilio del Club en Av. Espa\u00f1a 923 de esta ciudad con el fin de: a) Motivos por los cuales la asamblea se celebra fuera de termino estatutario, b) Elecci\u00f3n de dos socios para firmar el acta conjuntamente con el Presidente y Secretario, c) Consideraci\u00f3n de Memoria, Balance General, Inventario, Cuadro de Gastos y Recursos e Informe de Comisi\u00f3n Revisora de Cuentas del Ejercicio finalizado el 31\/12\/2019, d) Consideraci\u00f3n de Memoria, Balance General, Inventario, Cuadro de Gastos y Recursos e Informe de Comisi\u00f3n Revisora de Cuentas del Ejercicio finalizado el 31\/12\/2020, e) Consideraci\u00f3n de Memoria, Balance General, Inventario, Cuadro de Gastos y Recursos e Informe de Comisi\u00f3n Revisora de Cuentas del Ejercicio finalizado el 31\/12\/2021, f) Elecci\u00f3n de todos los miembros de Comisi\u00f3n Directiva y Comisi\u00f3n Revisora de Cuentas, todo de acuerdo a los art. Decimos\u00e9ptimo, Decimoctavo y Trig\u00e9simo segundo del Estatuto Social.<\/p>\n\n\n\n<p>Nota<br>Art\u00edculo Trigesimosegundo: En la primera convocatoria las Asambleas se celebrar\u00e1n con la presencia del 51% de los socios con derecho a voto. Una hora despu\u00e9s, si no se hubiese conseguido ese n\u00famero, se declarar\u00e1 legalmente constituida cuando se encuentren presentes asociados en n\u00famero igual a la suma de los titulares y suplentes de la Comisi\u00f3n Directiva y de la Comisi\u00f3n Revisora de Cuentas m\u00e1s uno, si la sociedad contara a la fecha de la Asamblea con menos de cien (100) socios. Si superase esa cantidad podr\u00e1 sesionar en segunda convocatoria con no menos del 20% de los socios con derecho a Voto.<\/p>\n\n\n\n<p>Alexis Ayala &#8211; Secretario<br>Leonardo Butti &#8211; Presidente<\/p>\n","protected":false},"excerpt":{"rendered":"<p>San Pedro, 07 de septiembre de 2022 El Tiro Federal San Pedro convoca a Asamblea General Ordinaria para el d\u00eda 13 de Octubre de 2022 a las 20:30 hs. en el domicilio del Club en Av. Espa\u00f1a 923 de esta ciudad con el fin de: a) Motivos por los cuales la asamblea se celebra fuera [&hellip;]<\/p>\n","protected":false},"author":4,"featured_media":110536,"comment_status":"closed","ping_status":"closed","sticky":false,"template":"","format":"standard","meta":{"om_disable_all_campaigns":false,"_jetpack_memberships_contains_paid_content":false,"footnotes":""},"categories":[678,676],"tags":[3024,197,1121,1355,19],"class_list":["post-110535","post","type-post","status-publish","format-standard","has-post-thumbnail","hentry","category-convocatorias","category-edictos","tag-asamblea-general-ordinaria-del-tiro-federal-de-san-pedro","tag-buenos-aires","tag-edicto","tag-judiciales","tag-san-pedro"],"aioseo_notices":[],"gutentor_comment":0,"jetpack_featured_media_url":"https:\/\/eldiariodesanpedro.com.ar\/sitio\/wp-content\/uploads\/2022\/09\/Tiro-Federal-2022.png","jetpack_shortlink":"https:\/\/wp.me\/p6RhLt-sKP","jetpack_sharing_enabled":true,"_links":{"self":[{"href":"https:\/\/eldiariodesanpedro.com.ar\/sitio\/wp-json\/wp\/v2\/posts\/110535","targetHints":{"allow":["GET"]}}],"collection":[{"href":"https:\/\/eldiariodesanpedro.com.ar\/sitio\/wp-json\/wp\/v2\/posts"}],"about":[{"href":"https:\/\/eldiariodesanpedro.com.ar\/sitio\/wp-json\/wp\/v2\/types\/post"}],"author":[{"embeddable":true,"href":"https:\/\/eldiariodesanpedro.com.ar\/sitio\/wp-json\/wp\/v2\/users\/4"}],"replies":[{"embeddable":true,"href":"https:\/\/eldiariodesanpedro.com.ar\/sitio\/wp-json\/wp\/v2\/comments?post=110535"}],"version-history":[{"count":1,"href":"https:\/\/eldiariodesanpedro.com.ar\/sitio\/wp-json\/wp\/v2\/posts\/110535\/revisions"}],"predecessor-version":[{"id":110537,"href":"https:\/\/eldiariodesanpedro.com.ar\/sitio\/wp-json\/wp\/v2\/posts\/110535\/revisions\/110537"}],"wp:featuredmedia":[{"embeddable":true,"href":"https:\/\/eldiariodesanpedro.com.ar\/sitio\/wp-json\/wp\/v2\/media\/110536"}],"wp:attachment":[{"href":"https:\/\/eldiariodesanpedro.com.ar\/sitio\/wp-json\/wp\/v2\/media?parent=110535"}],"wp:term":[{"taxonomy":"category","embeddable":true,"href":"https:\/\/eldiariodesanpedro.com.ar\/sitio\/wp-json\/wp\/v2\/categories?post=110535"},{"taxonomy":"post_tag","embeddable":true,"href":"https:\/\/eldiariodesanpedro.com.ar\/sitio\/wp-json\/wp\/v2\/tags?post=110535"}],"curies":[{"name":"wp","href":"https:\/\/api.w.org\/{rel}","templated":true}]}}