{"id":110521,"date":"2022-09-09T16:00:59","date_gmt":"2022-09-09T19:00:59","guid":{"rendered":"https:\/\/eldiariodesanpedro.com.ar\/sitio\/?p=110521"},"modified":"2022-09-09T16:01:00","modified_gmt":"2022-09-09T19:01:00","slug":"jornada-de-capacitacion-conjunta-entre-bomberos-voluntarios-y-la-secretaria-de-salud","status":"publish","type":"post","link":"https:\/\/eldiariodesanpedro.com.ar\/sitio\/jornada-de-capacitacion-conjunta-entre-bomberos-voluntarios-y-la-secretaria-de-salud\/","title":{"rendered":"Jornada de capacitaci\u00f3n conjunta entre Bomberos Voluntarios y la Secretar\u00eda de Salud"},"content":{"rendered":"<!-- VideographyWP Plugin Message: Automatic video embedding prevented by plugin options. -->\n\n<p>Esta ma\u00f1ana se llev\u00f3 a cabo en el Jard\u00edn Municipal Frutillitas una jornada de capacitaci\u00f3n y demostraci\u00f3n llevada a cabo conjuntamente entre la Secretar\u00eda de Salud de la Municipalidad de San Pedro y los Bomberos Voluntarios.<\/p>\n\n\n\n<p>Durante la actividad, equipos de trabajo de las dos instituciones se hicieron presentes para hacer una demostraci\u00f3n, principalmente de los trabajos que se llevaron a cabo en la zona de islas y relatando a los estudiantes las actuaciones que desarrollan personal de Bomberos y de Salud en diferentes situaciones.<\/p>\n\n\n\n<p>Adem\u00e1s, se hizo un repaso sobre los equipamientos con los que se cuentan dentro de un cami\u00f3n de bomberos y una ambulancia, enfatizando los protocolos de actuaci\u00f3n ciudadana ante el sonido de una sirena.<\/p>\n\n\n\n<figure class=\"wp-block-image size-full\"><img decoding=\"async\" width=\"1024\" height=\"576\" data-attachment-id=\"110523\" data-permalink=\"https:\/\/eldiariodesanpedro.com.ar\/sitio\/jornada-de-capacitacion-conjunta-entre-bomberos-voluntarios-y-la-secretaria-de-salud\/whatsapp-image-2022-09-09-at-15-42-45\/\" data-orig-file=\"https:\/\/eldiariodesanpedro.com.ar\/sitio\/wp-content\/uploads\/2022\/09\/WhatsApp-Image-2022-09-09-at-15.42.45.jpeg\" data-orig-size=\"1024,576\" data-comments-opened=\"0\" data-image-meta=\"{&quot;aperture&quot;:&quot;0&quot;,&quot;credit&quot;:&quot;&quot;,&quot;camera&quot;:&quot;&quot;,&quot;caption&quot;:&quot;&quot;,&quot;created_timestamp&quot;:&quot;0&quot;,&quot;copyright&quot;:&quot;&quot;,&quot;focal_length&quot;:&quot;0&quot;,&quot;iso&quot;:&quot;0&quot;,&quot;shutter_speed&quot;:&quot;0&quot;,&quot;title&quot;:&quot;&quot;,&quot;orientation&quot;:&quot;0&quot;}\" data-image-title=\"WhatsApp Image 2022-09-09 at 15.42.45\" data-image-description=\"\" data-image-caption=\"\" data-large-file=\"https:\/\/eldiariodesanpedro.com.ar\/sitio\/wp-content\/uploads\/2022\/09\/WhatsApp-Image-2022-09-09-at-15.42.45.jpeg\" data-src=\"https:\/\/eldiariodesanpedro.com.ar\/sitio\/wp-content\/uploads\/2022\/09\/WhatsApp-Image-2022-09-09-at-15.42.45.jpeg\" alt=\"\" class=\"wp-image-110523 lazyload\" data-srcset=\"https:\/\/eldiariodesanpedro.com.ar\/sitio\/wp-content\/uploads\/2022\/09\/WhatsApp-Image-2022-09-09-at-15.42.45.jpeg 1024w, https:\/\/eldiariodesanpedro.com.ar\/sitio\/wp-content\/uploads\/2022\/09\/WhatsApp-Image-2022-09-09-at-15.42.45-300x169.jpeg 300w, https:\/\/eldiariodesanpedro.com.ar\/sitio\/wp-content\/uploads\/2022\/09\/WhatsApp-Image-2022-09-09-at-15.42.45-768x432.jpeg 768w\" data-sizes=\"(max-width: 1024px) 100vw, 1024px\" src=\"data:image\/svg+xml;base64,PHN2ZyB3aWR0aD0iMSIgaGVpZ2h0PSIxIiB4bWxucz0iaHR0cDovL3d3dy53My5vcmcvMjAwMC9zdmciPjwvc3ZnPg==\" style=\"--smush-placeholder-width: 1024px; --smush-placeholder-aspect-ratio: 1024\/576;\" \/><\/figure>\n","protected":false},"excerpt":{"rendered":"<p>Esta ma\u00f1ana se llev\u00f3 a cabo en el Jard\u00edn Municipal Frutillitas una jornada de capacitaci\u00f3n y demostraci\u00f3n llevada a cabo conjuntamente entre la Secretar\u00eda de Salud de la Municipalidad de San Pedro y los Bomberos Voluntarios. Durante la actividad, equipos de trabajo de las dos instituciones se hicieron presentes para hacer una demostraci\u00f3n, principalmente de [&hellip;]<\/p>\n","protected":false},"author":4,"featured_media":110522,"comment_status":"closed","ping_status":"closed","sticky":false,"template":"","format":"standard","meta":{"om_disable_all_campaigns":false,"_jetpack_memberships_contains_paid_content":false,"footnotes":""},"categories":[50,101,2],"tags":[197,696,33,19],"class_list":["post-110521","post","type-post","status-publish","format-standard","has-post-thumbnail","hentry","category-destacadas","category-interes-general-locales","category-locales","tag-buenos-aires","tag-interes-general","tag-locales","tag-san-pedro"],"aioseo_notices":[],"gutentor_comment":0,"jetpack_featured_media_url":"https:\/\/eldiariodesanpedro.com.ar\/sitio\/wp-content\/uploads\/2022\/09\/WhatsApp-Image-2022-09-09-at-15.42.44.jpeg","jetpack_shortlink":"https:\/\/wp.me\/p6RhLt-sKB","jetpack_sharing_enabled":true,"_links":{"self":[{"href":"https:\/\/eldiariodesanpedro.com.ar\/sitio\/wp-json\/wp\/v2\/posts\/110521","targetHints":{"allow":["GET"]}}],"collection":[{"href":"https:\/\/eldiariodesanpedro.com.ar\/sitio\/wp-json\/wp\/v2\/posts"}],"about":[{"href":"https:\/\/eldiariodesanpedro.com.ar\/sitio\/wp-json\/wp\/v2\/types\/post"}],"author":[{"embeddable":true,"href":"https:\/\/eldiariodesanpedro.com.ar\/sitio\/wp-json\/wp\/v2\/users\/4"}],"replies":[{"embeddable":true,"href":"https:\/\/eldiariodesanpedro.com.ar\/sitio\/wp-json\/wp\/v2\/comments?post=110521"}],"version-history":[{"count":1,"href":"https:\/\/eldiariodesanpedro.com.ar\/sitio\/wp-json\/wp\/v2\/posts\/110521\/revisions"}],"predecessor-version":[{"id":110526,"href":"https:\/\/eldiariodesanpedro.com.ar\/sitio\/wp-json\/wp\/v2\/posts\/110521\/revisions\/110526"}],"wp:featuredmedia":[{"embeddable":true,"href":"https:\/\/eldiariodesanpedro.com.ar\/sitio\/wp-json\/wp\/v2\/media\/110522"}],"wp:attachment":[{"href":"https:\/\/eldiariodesanpedro.com.ar\/sitio\/wp-json\/wp\/v2\/media?parent=110521"}],"wp:term":[{"taxonomy":"category","embeddable":true,"href":"https:\/\/eldiariodesanpedro.com.ar\/sitio\/wp-json\/wp\/v2\/categories?post=110521"},{"taxonomy":"post_tag","embeddable":true,"href":"https:\/\/eldiariodesanpedro.com.ar\/sitio\/wp-json\/wp\/v2\/tags?post=110521"}],"curies":[{"name":"wp","href":"https:\/\/api.w.org\/{rel}","templated":true}]}}