{"id":110511,"date":"2022-09-09T11:13:32","date_gmt":"2022-09-09T14:13:32","guid":{"rendered":"https:\/\/eldiariodesanpedro.com.ar\/sitio\/?p=110511"},"modified":"2022-09-09T11:13:33","modified_gmt":"2022-09-09T14:13:33","slug":"dos-ciudadanos-en-motocicleta-choco-contra-una-zanja-en-el-camino-guzzo","status":"publish","type":"post","link":"https:\/\/eldiariodesanpedro.com.ar\/sitio\/dos-ciudadanos-en-motocicleta-choco-contra-una-zanja-en-el-camino-guzzo\/","title":{"rendered":"Dos ciudadanos en motocicleta choco contra una zanja en el camino Guzzo"},"content":{"rendered":"<!-- VideographyWP Plugin Message: Automatic video embedding prevented by plugin options. -->\n\n<p>En el d\u00eda de ayer promediando las 18 hs el personal policial del destacamento de Gobernador Castro es alertado a trav\u00e9s de un llamado al 911 sistema de emergencias en camino Guzzo donde por cuestiones que se tratan de establecer motocicleta Guerrero tipo 110 cc, guiada por ciudadana de 41 a\u00f1os y acompa\u00f1ante ciudadana de 36 a\u00f1os, cae hacia la zanja chocando con la cuneta.<\/p>\n\n\n\n<p>Resultando que ambas sean trasladadas hac\u00eda en nosocomio local presentando lesiones&nbsp;de car\u00e1cter leves.<\/p>\n\n\n\n<p>Comunicaci\u00f3n UFI 11 Local, dispone inicio de actuaciones&nbsp; y dem\u00e1s recaudos legales pertinentes.-&nbsp;&nbsp;&nbsp;&nbsp;<\/p>\n","protected":false},"excerpt":{"rendered":"<p>En el d\u00eda de ayer promediando las 18 hs el personal policial del destacamento de Gobernador Castro es alertado a trav\u00e9s de un llamado al 911 sistema de emergencias en camino Guzzo donde por cuestiones que se tratan de establecer motocicleta Guerrero tipo 110 cc, guiada por ciudadana de 41 a\u00f1os y acompa\u00f1ante ciudadana de [&hellip;]<\/p>\n","protected":false},"author":4,"featured_media":110512,"comment_status":"closed","ping_status":"closed","sticky":false,"template":"","format":"standard","meta":{"om_disable_all_campaigns":false,"_jetpack_memberships_contains_paid_content":false,"footnotes":""},"categories":[2,103],"tags":[197,33,95,19],"class_list":["post-110511","post","type-post","status-publish","format-standard","has-post-thumbnail","hentry","category-locales","category-policiales-locales","tag-buenos-aires","tag-locales","tag-policiales","tag-san-pedro"],"aioseo_notices":[],"gutentor_comment":0,"jetpack_featured_media_url":"https:\/\/eldiariodesanpedro.com.ar\/sitio\/wp-content\/uploads\/2022\/09\/medida-4.png","jetpack_shortlink":"https:\/\/wp.me\/p6RhLt-sKr","jetpack_sharing_enabled":true,"_links":{"self":[{"href":"https:\/\/eldiariodesanpedro.com.ar\/sitio\/wp-json\/wp\/v2\/posts\/110511","targetHints":{"allow":["GET"]}}],"collection":[{"href":"https:\/\/eldiariodesanpedro.com.ar\/sitio\/wp-json\/wp\/v2\/posts"}],"about":[{"href":"https:\/\/eldiariodesanpedro.com.ar\/sitio\/wp-json\/wp\/v2\/types\/post"}],"author":[{"embeddable":true,"href":"https:\/\/eldiariodesanpedro.com.ar\/sitio\/wp-json\/wp\/v2\/users\/4"}],"replies":[{"embeddable":true,"href":"https:\/\/eldiariodesanpedro.com.ar\/sitio\/wp-json\/wp\/v2\/comments?post=110511"}],"version-history":[{"count":1,"href":"https:\/\/eldiariodesanpedro.com.ar\/sitio\/wp-json\/wp\/v2\/posts\/110511\/revisions"}],"predecessor-version":[{"id":110513,"href":"https:\/\/eldiariodesanpedro.com.ar\/sitio\/wp-json\/wp\/v2\/posts\/110511\/revisions\/110513"}],"wp:featuredmedia":[{"embeddable":true,"href":"https:\/\/eldiariodesanpedro.com.ar\/sitio\/wp-json\/wp\/v2\/media\/110512"}],"wp:attachment":[{"href":"https:\/\/eldiariodesanpedro.com.ar\/sitio\/wp-json\/wp\/v2\/media?parent=110511"}],"wp:term":[{"taxonomy":"category","embeddable":true,"href":"https:\/\/eldiariodesanpedro.com.ar\/sitio\/wp-json\/wp\/v2\/categories?post=110511"},{"taxonomy":"post_tag","embeddable":true,"href":"https:\/\/eldiariodesanpedro.com.ar\/sitio\/wp-json\/wp\/v2\/tags?post=110511"}],"curies":[{"name":"wp","href":"https:\/\/api.w.org\/{rel}","templated":true}]}}