{"id":110508,"date":"2022-09-09T11:05:17","date_gmt":"2022-09-09T14:05:17","guid":{"rendered":"https:\/\/eldiariodesanpedro.com.ar\/sitio\/?p=110508"},"modified":"2022-09-09T11:05:18","modified_gmt":"2022-09-09T14:05:18","slug":"un-ciudadano-robo-dos-bolsas-de-carne-en-un-autoservicio","status":"publish","type":"post","link":"https:\/\/eldiariodesanpedro.com.ar\/sitio\/un-ciudadano-robo-dos-bolsas-de-carne-en-un-autoservicio\/","title":{"rendered":"Un ciudadano robo dos bolsas de carne en un autoservicio"},"content":{"rendered":"<!-- VideographyWP Plugin Message: Automatic video embedding prevented by plugin options. -->\n\n<p>En el d\u00eda de ayer promediando las 21 horas, el personal policial en un r\u00e1pido accionar en calle Las Provincias y Saavedra proceden a la aprehensi\u00f3n de un ciudadano de 44 a\u00f1os de edad, que momentos previos sustrae dos bolsas de carne vacuna fraccionada del comercio \u201cEl Pino 3\u201d.<\/p>\n\n\n\n<p>Interviniendo la UFI 11 Local en turno disponiendo que el ciudadano sea&nbsp; notificado de la formaci\u00f3n de la causa y posterior libertad.-<\/p>\n","protected":false},"excerpt":{"rendered":"<p>En el d\u00eda de ayer promediando las 21 horas, el personal policial en un r\u00e1pido accionar en calle Las Provincias y Saavedra proceden a la aprehensi\u00f3n de un ciudadano de 44 a\u00f1os de edad, que momentos previos sustrae dos bolsas de carne vacuna fraccionada del comercio \u201cEl Pino 3\u201d. Interviniendo la UFI 11 Local en [&hellip;]<\/p>\n","protected":false},"author":4,"featured_media":110509,"comment_status":"closed","ping_status":"closed","sticky":false,"template":"","format":"standard","meta":{"om_disable_all_campaigns":false,"_jetpack_memberships_contains_paid_content":false,"footnotes":""},"categories":[2,103],"tags":[197,33,95,19],"class_list":["post-110508","post","type-post","status-publish","format-standard","has-post-thumbnail","hentry","category-locales","category-policiales-locales","tag-buenos-aires","tag-locales","tag-policiales","tag-san-pedro"],"aioseo_notices":[],"gutentor_comment":0,"jetpack_featured_media_url":"https:\/\/eldiariodesanpedro.com.ar\/sitio\/wp-content\/uploads\/2022\/09\/medida-3.png","jetpack_shortlink":"https:\/\/wp.me\/p6RhLt-sKo","jetpack_sharing_enabled":true,"_links":{"self":[{"href":"https:\/\/eldiariodesanpedro.com.ar\/sitio\/wp-json\/wp\/v2\/posts\/110508","targetHints":{"allow":["GET"]}}],"collection":[{"href":"https:\/\/eldiariodesanpedro.com.ar\/sitio\/wp-json\/wp\/v2\/posts"}],"about":[{"href":"https:\/\/eldiariodesanpedro.com.ar\/sitio\/wp-json\/wp\/v2\/types\/post"}],"author":[{"embeddable":true,"href":"https:\/\/eldiariodesanpedro.com.ar\/sitio\/wp-json\/wp\/v2\/users\/4"}],"replies":[{"embeddable":true,"href":"https:\/\/eldiariodesanpedro.com.ar\/sitio\/wp-json\/wp\/v2\/comments?post=110508"}],"version-history":[{"count":1,"href":"https:\/\/eldiariodesanpedro.com.ar\/sitio\/wp-json\/wp\/v2\/posts\/110508\/revisions"}],"predecessor-version":[{"id":110510,"href":"https:\/\/eldiariodesanpedro.com.ar\/sitio\/wp-json\/wp\/v2\/posts\/110508\/revisions\/110510"}],"wp:featuredmedia":[{"embeddable":true,"href":"https:\/\/eldiariodesanpedro.com.ar\/sitio\/wp-json\/wp\/v2\/media\/110509"}],"wp:attachment":[{"href":"https:\/\/eldiariodesanpedro.com.ar\/sitio\/wp-json\/wp\/v2\/media?parent=110508"}],"wp:term":[{"taxonomy":"category","embeddable":true,"href":"https:\/\/eldiariodesanpedro.com.ar\/sitio\/wp-json\/wp\/v2\/categories?post=110508"},{"taxonomy":"post_tag","embeddable":true,"href":"https:\/\/eldiariodesanpedro.com.ar\/sitio\/wp-json\/wp\/v2\/tags?post=110508"}],"curies":[{"name":"wp","href":"https:\/\/api.w.org\/{rel}","templated":true}]}}