{"id":110495,"date":"2022-09-09T10:30:29","date_gmt":"2022-09-09T13:30:29","guid":{"rendered":"https:\/\/eldiariodesanpedro.com.ar\/sitio\/?p=110495"},"modified":"2022-09-09T10:30:30","modified_gmt":"2022-09-09T13:30:30","slug":"se-celebro-el-dia-de-nuestra-senora-del-socorro-patrona-de-san-pedro","status":"publish","type":"post","link":"https:\/\/eldiariodesanpedro.com.ar\/sitio\/se-celebro-el-dia-de-nuestra-senora-del-socorro-patrona-de-san-pedro\/","title":{"rendered":"Se celebr\u00f3 el d\u00eda de Nuestra Se\u00f1ora del Socorro patrona de San Pedro"},"content":{"rendered":"<!-- VideographyWP Plugin Message: Automatic video embedding prevented by plugin options. -->\n\n<p>Por medio de distintas actividades que se vinieron desarrollando en los \u00faltimos d\u00edas este jueves se celebr\u00f3 un nuevo aniversario del arribo de la patrona a la ciudad. La multitudinaria peregrinaci\u00f3n recorri\u00f3 las calles c\u00e9ntricas y finaliz\u00f3 en la Parroquia Nuestra Se\u00f1ora del Socorro.<\/p>\n\n\n\n<p>Toda la comunidad le rindi\u00f3 homenaje a la patrona de la ciudad. Como cada 8 de septiembre, el catolicismo celebr\u00f3 el d\u00eda de Nuestra Se\u00f1ora del Socorro.<\/p>\n\n\n\n<p>Durante los d\u00edas previos se vinieron desarrollando diversas actividades hasta la celebraci\u00f3n central que consisti\u00f3 en la tradicional caravana y procesi\u00f3n por las calles de la ciudad.<\/p>\n\n\n\n<p>La columna de feligreses traslad\u00f3 la imagen de la patrona de la ciudad \u201cNuestra Se\u00f1ora del Socorro\u201d hasta la parroquia que lleva su nombre ubicada en la Plaza Constituci\u00f3n.<\/p>\n\n\n\n<p>Cont\u00f3 con una imponente participaci\u00f3n de vecinos que a su vez acompa\u00f1aron la misa que fue presidida por el padre H\u00e9ctor Molfesa y el resto de los sacerdotes que tienen cargo cada una de las comunidades cat\u00f3licas del partido.<\/p>\n\n\n\n<p>Este a\u00f1o se sumaron los Bomberos Voluntarios que por invitaci\u00f3n del propio padre Molfesa fueron quienes custodiaron a la patrona de la ciudad durante todo el recorrido realizado por las calles c\u00e9ntricas.<\/p>\n\n\n\n<figure class=\"wp-block-image size-large\"><img decoding=\"async\" width=\"1024\" height=\"485\" data-attachment-id=\"110501\" data-permalink=\"https:\/\/eldiariodesanpedro.com.ar\/sitio\/se-celebro-el-dia-de-nuestra-senora-del-socorro-patrona-de-san-pedro\/whatsapp-image-2022-09-08-at-22-24-30-1\/\" data-orig-file=\"https:\/\/eldiariodesanpedro.com.ar\/sitio\/wp-content\/uploads\/2022\/09\/WhatsApp-Image-2022-09-08-at-22.24.30-1.jpeg\" data-orig-size=\"1200,568\" data-comments-opened=\"0\" data-image-meta=\"{&quot;aperture&quot;:&quot;0&quot;,&quot;credit&quot;:&quot;&quot;,&quot;camera&quot;:&quot;&quot;,&quot;caption&quot;:&quot;&quot;,&quot;created_timestamp&quot;:&quot;0&quot;,&quot;copyright&quot;:&quot;&quot;,&quot;focal_length&quot;:&quot;0&quot;,&quot;iso&quot;:&quot;0&quot;,&quot;shutter_speed&quot;:&quot;0&quot;,&quot;title&quot;:&quot;&quot;,&quot;orientation&quot;:&quot;0&quot;}\" data-image-title=\"WhatsApp Image 2022-09-08 at 22.24.30 (1)\" data-image-description=\"\" data-image-caption=\"\" data-large-file=\"https:\/\/eldiariodesanpedro.com.ar\/sitio\/wp-content\/uploads\/2022\/09\/WhatsApp-Image-2022-09-08-at-22.24.30-1-1024x485.jpeg\" data-src=\"https:\/\/eldiariodesanpedro.com.ar\/sitio\/wp-content\/uploads\/2022\/09\/WhatsApp-Image-2022-09-08-at-22.24.30-1-1024x485.jpeg\" alt=\"\" class=\"wp-image-110501 lazyload\" data-srcset=\"https:\/\/eldiariodesanpedro.com.ar\/sitio\/wp-content\/uploads\/2022\/09\/WhatsApp-Image-2022-09-08-at-22.24.30-1-1024x485.jpeg 1024w, https:\/\/eldiariodesanpedro.com.ar\/sitio\/wp-content\/uploads\/2022\/09\/WhatsApp-Image-2022-09-08-at-22.24.30-1-300x142.jpeg 300w, https:\/\/eldiariodesanpedro.com.ar\/sitio\/wp-content\/uploads\/2022\/09\/WhatsApp-Image-2022-09-08-at-22.24.30-1-768x364.jpeg 768w, https:\/\/eldiariodesanpedro.com.ar\/sitio\/wp-content\/uploads\/2022\/09\/WhatsApp-Image-2022-09-08-at-22.24.30-1.jpeg 1200w\" data-sizes=\"(max-width: 1024px) 100vw, 1024px\" src=\"data:image\/svg+xml;base64,PHN2ZyB3aWR0aD0iMSIgaGVpZ2h0PSIxIiB4bWxucz0iaHR0cDovL3d3dy53My5vcmcvMjAwMC9zdmciPjwvc3ZnPg==\" style=\"--smush-placeholder-width: 1024px; --smush-placeholder-aspect-ratio: 1024\/485;\" \/><\/figure>\n\n\n\n<figure class=\"wp-block-image size-large\"><img decoding=\"async\" width=\"1024\" height=\"485\" data-attachment-id=\"110499\" data-permalink=\"https:\/\/eldiariodesanpedro.com.ar\/sitio\/se-celebro-el-dia-de-nuestra-senora-del-socorro-patrona-de-san-pedro\/whatsapp-image-2022-09-08-at-22-24-29-1\/\" data-orig-file=\"https:\/\/eldiariodesanpedro.com.ar\/sitio\/wp-content\/uploads\/2022\/09\/WhatsApp-Image-2022-09-08-at-22.24.29-1.jpeg\" data-orig-size=\"1200,568\" data-comments-opened=\"0\" data-image-meta=\"{&quot;aperture&quot;:&quot;0&quot;,&quot;credit&quot;:&quot;&quot;,&quot;camera&quot;:&quot;&quot;,&quot;caption&quot;:&quot;&quot;,&quot;created_timestamp&quot;:&quot;0&quot;,&quot;copyright&quot;:&quot;&quot;,&quot;focal_length&quot;:&quot;0&quot;,&quot;iso&quot;:&quot;0&quot;,&quot;shutter_speed&quot;:&quot;0&quot;,&quot;title&quot;:&quot;&quot;,&quot;orientation&quot;:&quot;0&quot;}\" data-image-title=\"WhatsApp Image 2022-09-08 at 22.24.29 (1)\" data-image-description=\"\" data-image-caption=\"\" data-large-file=\"https:\/\/eldiariodesanpedro.com.ar\/sitio\/wp-content\/uploads\/2022\/09\/WhatsApp-Image-2022-09-08-at-22.24.29-1-1024x485.jpeg\" data-src=\"https:\/\/eldiariodesanpedro.com.ar\/sitio\/wp-content\/uploads\/2022\/09\/WhatsApp-Image-2022-09-08-at-22.24.29-1-1024x485.jpeg\" alt=\"\" class=\"wp-image-110499 lazyload\" data-srcset=\"https:\/\/eldiariodesanpedro.com.ar\/sitio\/wp-content\/uploads\/2022\/09\/WhatsApp-Image-2022-09-08-at-22.24.29-1-1024x485.jpeg 1024w, https:\/\/eldiariodesanpedro.com.ar\/sitio\/wp-content\/uploads\/2022\/09\/WhatsApp-Image-2022-09-08-at-22.24.29-1-300x142.jpeg 300w, https:\/\/eldiariodesanpedro.com.ar\/sitio\/wp-content\/uploads\/2022\/09\/WhatsApp-Image-2022-09-08-at-22.24.29-1-768x364.jpeg 768w, https:\/\/eldiariodesanpedro.com.ar\/sitio\/wp-content\/uploads\/2022\/09\/WhatsApp-Image-2022-09-08-at-22.24.29-1.jpeg 1200w\" data-sizes=\"(max-width: 1024px) 100vw, 1024px\" src=\"data:image\/svg+xml;base64,PHN2ZyB3aWR0aD0iMSIgaGVpZ2h0PSIxIiB4bWxucz0iaHR0cDovL3d3dy53My5vcmcvMjAwMC9zdmciPjwvc3ZnPg==\" style=\"--smush-placeholder-width: 1024px; --smush-placeholder-aspect-ratio: 1024\/485;\" \/><\/figure>\n\n\n\n<figure class=\"wp-block-image size-large\"><img decoding=\"async\" width=\"1024\" height=\"485\" data-attachment-id=\"110498\" data-permalink=\"https:\/\/eldiariodesanpedro.com.ar\/sitio\/se-celebro-el-dia-de-nuestra-senora-del-socorro-patrona-de-san-pedro\/whatsapp-image-2022-09-08-at-22-24-28\/\" data-orig-file=\"https:\/\/eldiariodesanpedro.com.ar\/sitio\/wp-content\/uploads\/2022\/09\/WhatsApp-Image-2022-09-08-at-22.24.28.jpeg\" data-orig-size=\"1200,568\" data-comments-opened=\"0\" data-image-meta=\"{&quot;aperture&quot;:&quot;0&quot;,&quot;credit&quot;:&quot;&quot;,&quot;camera&quot;:&quot;&quot;,&quot;caption&quot;:&quot;&quot;,&quot;created_timestamp&quot;:&quot;0&quot;,&quot;copyright&quot;:&quot;&quot;,&quot;focal_length&quot;:&quot;0&quot;,&quot;iso&quot;:&quot;0&quot;,&quot;shutter_speed&quot;:&quot;0&quot;,&quot;title&quot;:&quot;&quot;,&quot;orientation&quot;:&quot;0&quot;}\" data-image-title=\"WhatsApp Image 2022-09-08 at 22.24.28\" data-image-description=\"\" data-image-caption=\"\" data-large-file=\"https:\/\/eldiariodesanpedro.com.ar\/sitio\/wp-content\/uploads\/2022\/09\/WhatsApp-Image-2022-09-08-at-22.24.28-1024x485.jpeg\" data-src=\"https:\/\/eldiariodesanpedro.com.ar\/sitio\/wp-content\/uploads\/2022\/09\/WhatsApp-Image-2022-09-08-at-22.24.28-1024x485.jpeg\" alt=\"\" class=\"wp-image-110498 lazyload\" data-srcset=\"https:\/\/eldiariodesanpedro.com.ar\/sitio\/wp-content\/uploads\/2022\/09\/WhatsApp-Image-2022-09-08-at-22.24.28-1024x485.jpeg 1024w, https:\/\/eldiariodesanpedro.com.ar\/sitio\/wp-content\/uploads\/2022\/09\/WhatsApp-Image-2022-09-08-at-22.24.28-300x142.jpeg 300w, https:\/\/eldiariodesanpedro.com.ar\/sitio\/wp-content\/uploads\/2022\/09\/WhatsApp-Image-2022-09-08-at-22.24.28-768x364.jpeg 768w, https:\/\/eldiariodesanpedro.com.ar\/sitio\/wp-content\/uploads\/2022\/09\/WhatsApp-Image-2022-09-08-at-22.24.28.jpeg 1200w\" data-sizes=\"(max-width: 1024px) 100vw, 1024px\" src=\"data:image\/svg+xml;base64,PHN2ZyB3aWR0aD0iMSIgaGVpZ2h0PSIxIiB4bWxucz0iaHR0cDovL3d3dy53My5vcmcvMjAwMC9zdmciPjwvc3ZnPg==\" style=\"--smush-placeholder-width: 1024px; --smush-placeholder-aspect-ratio: 1024\/485;\" \/><\/figure>\n\n\n\n<figure class=\"wp-block-image size-large\"><img decoding=\"async\" width=\"1024\" height=\"484\" data-attachment-id=\"110497\" data-permalink=\"https:\/\/eldiariodesanpedro.com.ar\/sitio\/se-celebro-el-dia-de-nuestra-senora-del-socorro-patrona-de-san-pedro\/whatsapp-image-2022-09-08-at-22-24-26\/\" data-orig-file=\"https:\/\/eldiariodesanpedro.com.ar\/sitio\/wp-content\/uploads\/2022\/09\/WhatsApp-Image-2022-09-08-at-22.24.26.jpeg\" data-orig-size=\"1200,567\" data-comments-opened=\"0\" data-image-meta=\"{&quot;aperture&quot;:&quot;0&quot;,&quot;credit&quot;:&quot;&quot;,&quot;camera&quot;:&quot;&quot;,&quot;caption&quot;:&quot;&quot;,&quot;created_timestamp&quot;:&quot;0&quot;,&quot;copyright&quot;:&quot;&quot;,&quot;focal_length&quot;:&quot;0&quot;,&quot;iso&quot;:&quot;0&quot;,&quot;shutter_speed&quot;:&quot;0&quot;,&quot;title&quot;:&quot;&quot;,&quot;orientation&quot;:&quot;0&quot;}\" data-image-title=\"WhatsApp Image 2022-09-08 at 22.24.26\" data-image-description=\"\" data-image-caption=\"\" data-large-file=\"https:\/\/eldiariodesanpedro.com.ar\/sitio\/wp-content\/uploads\/2022\/09\/WhatsApp-Image-2022-09-08-at-22.24.26-1024x484.jpeg\" data-src=\"https:\/\/eldiariodesanpedro.com.ar\/sitio\/wp-content\/uploads\/2022\/09\/WhatsApp-Image-2022-09-08-at-22.24.26-1024x484.jpeg\" alt=\"\" class=\"wp-image-110497 lazyload\" data-srcset=\"https:\/\/eldiariodesanpedro.com.ar\/sitio\/wp-content\/uploads\/2022\/09\/WhatsApp-Image-2022-09-08-at-22.24.26-1024x484.jpeg 1024w, https:\/\/eldiariodesanpedro.com.ar\/sitio\/wp-content\/uploads\/2022\/09\/WhatsApp-Image-2022-09-08-at-22.24.26-300x142.jpeg 300w, https:\/\/eldiariodesanpedro.com.ar\/sitio\/wp-content\/uploads\/2022\/09\/WhatsApp-Image-2022-09-08-at-22.24.26-768x363.jpeg 768w, https:\/\/eldiariodesanpedro.com.ar\/sitio\/wp-content\/uploads\/2022\/09\/WhatsApp-Image-2022-09-08-at-22.24.26.jpeg 1200w\" data-sizes=\"(max-width: 1024px) 100vw, 1024px\" src=\"data:image\/svg+xml;base64,PHN2ZyB3aWR0aD0iMSIgaGVpZ2h0PSIxIiB4bWxucz0iaHR0cDovL3d3dy53My5vcmcvMjAwMC9zdmciPjwvc3ZnPg==\" style=\"--smush-placeholder-width: 1024px; --smush-placeholder-aspect-ratio: 1024\/484;\" \/><\/figure>\n\n\n\n<p><\/p>\n\n\n\n<p>LA HISTORIA DE LA VIRGEN<\/p>\n\n\n\n<p>Cabe recordar que la misma fue tra\u00edda de Oruro (Bolivia) por el Hermano de la Orden Franciscana, Fray Alonso del Pozo en 1760, con la expresa condici\u00f3n de ser Patrona de la nueva Iglesia.<\/p>\n\n\n\n<p>La imagen de la virgen fue solicitada a Espa\u00f1a y trasladada al pueblo de Borburata, junto con otra virgen.<\/p>\n\n\n\n<p>La leyenda dice que se confundieron las im\u00e1genes, enviaron la imagen de Nuestra Se\u00f1ora del Socorro al Per\u00fa, mientras que la Dolorosa qued\u00f3 en el pueblo.<\/p>\n\n\n\n<p>Desde el altiplano hicieron el reclamo pero, seg\u00fan el poeta Andr\u00e9s Eloy Blanco, desde estos pagos contestaron: \u201cPueblo no cambia virgen\u201d.<\/p>\n\n\n\n<p>La primera noticia que se conoce de una imagen de la Virgen Mar\u00eda con la advocaci\u00f3n de Nuestra Se\u00f1ora del Socorro proviene del convento de los padres Agustinos de Mallorca.<\/p>\n\n\n\n<p>&nbsp;El sacerdote Juan Exarch, agustino, fue destinado en 1480 para fundar un convento de la orden en Palma de Mallorca, respetando la voluntad para que la Virgen del Socorro, de la cual era muy devoto, fuese venerada en Mallorca.<\/p>\n\n\n\n<p>La Sant\u00edsima Virgen cumpli\u00f3 sus deseos, obrando un gran milagro al visitar a un enfermo incurable que al encomendarse a su devoci\u00f3n recuper\u00f3 su salud. Agradecido, el enfermo y su mujer donaron sus bienes y sus tierras para que se edificase en Palma el convento con el t\u00edtulo de Nuestra Se\u00f1ora del Socorro.<\/p>\n\n\n\n<p>En San Pedro desde 1763 acompa\u00f1a a la poblaci\u00f3n, cuando fue tra\u00edda desde Oruro Bolivia con la expresa condici\u00f3n que fuera nombrada Patrona del lugar, el responsable de su llegada fue el Fraile Fray Alonzo del Pozo a quien se lo envi\u00f3 al Alto Per\u00fa a recaudar donaciones para poder seguir construyendo el convento&nbsp;que funcion\u00f3 por 72 a\u00f1os, desde la calle M\u00e1ximo Mill\u00e1n hasta los miradores.<\/p>\n\n\n\n<p>&nbsp;Al llegar a Oruro, el fraile se encontr\u00f3 con muchas donaciones y entre ellas la imagen de la virgen, espa\u00f1ola vestida, sentada en una sillita de madera con su hijo en brazos.<\/p>\n\n\n\n<p>Cada 8 de Septiembre San Pedro le rinde homenaje por lo que se la peina, su cabello es natural, se le cambia el vestido y se la lleva en procesi\u00f3n, durante todo el mes permanece al alcance de la poblaci\u00f3n que se acerca a su altar para orar, o simplemente estar en su presencia.<\/p>\n","protected":false},"excerpt":{"rendered":"<p>Por medio de distintas actividades que se vinieron desarrollando en los \u00faltimos d\u00edas este jueves se celebr\u00f3 un nuevo aniversario del arribo de la patrona a la ciudad. La multitudinaria peregrinaci\u00f3n recorri\u00f3 las calles c\u00e9ntricas y finaliz\u00f3 en la Parroquia Nuestra Se\u00f1ora del Socorro. Toda la comunidad le rindi\u00f3 homenaje a la patrona de la [&hellip;]<\/p>\n","protected":false},"author":4,"featured_media":110503,"comment_status":"closed","ping_status":"closed","sticky":false,"template":"","format":"standard","meta":{"om_disable_all_campaigns":false,"_jetpack_memberships_contains_paid_content":false,"footnotes":""},"categories":[50,101,2],"tags":[],"class_list":["post-110495","post","type-post","status-publish","format-standard","has-post-thumbnail","hentry","category-destacadas","category-interes-general-locales","category-locales"],"aioseo_notices":[],"gutentor_comment":0,"jetpack_featured_media_url":"https:\/\/eldiariodesanpedro.com.ar\/sitio\/wp-content\/uploads\/2022\/09\/WhatsApp-Image-2022-09-08-at-22.24.30.jpeg","jetpack_shortlink":"https:\/\/wp.me\/p6RhLt-sKb","jetpack_sharing_enabled":true,"_links":{"self":[{"href":"https:\/\/eldiariodesanpedro.com.ar\/sitio\/wp-json\/wp\/v2\/posts\/110495","targetHints":{"allow":["GET"]}}],"collection":[{"href":"https:\/\/eldiariodesanpedro.com.ar\/sitio\/wp-json\/wp\/v2\/posts"}],"about":[{"href":"https:\/\/eldiariodesanpedro.com.ar\/sitio\/wp-json\/wp\/v2\/types\/post"}],"author":[{"embeddable":true,"href":"https:\/\/eldiariodesanpedro.com.ar\/sitio\/wp-json\/wp\/v2\/users\/4"}],"replies":[{"embeddable":true,"href":"https:\/\/eldiariodesanpedro.com.ar\/sitio\/wp-json\/wp\/v2\/comments?post=110495"}],"version-history":[{"count":1,"href":"https:\/\/eldiariodesanpedro.com.ar\/sitio\/wp-json\/wp\/v2\/posts\/110495\/revisions"}],"predecessor-version":[{"id":110504,"href":"https:\/\/eldiariodesanpedro.com.ar\/sitio\/wp-json\/wp\/v2\/posts\/110495\/revisions\/110504"}],"wp:featuredmedia":[{"embeddable":true,"href":"https:\/\/eldiariodesanpedro.com.ar\/sitio\/wp-json\/wp\/v2\/media\/110503"}],"wp:attachment":[{"href":"https:\/\/eldiariodesanpedro.com.ar\/sitio\/wp-json\/wp\/v2\/media?parent=110495"}],"wp:term":[{"taxonomy":"category","embeddable":true,"href":"https:\/\/eldiariodesanpedro.com.ar\/sitio\/wp-json\/wp\/v2\/categories?post=110495"},{"taxonomy":"post_tag","embeddable":true,"href":"https:\/\/eldiariodesanpedro.com.ar\/sitio\/wp-json\/wp\/v2\/tags?post=110495"}],"curies":[{"name":"wp","href":"https:\/\/api.w.org\/{rel}","templated":true}]}}