{"id":110492,"date":"2022-09-09T10:17:46","date_gmt":"2022-09-09T13:17:46","guid":{"rendered":"https:\/\/eldiariodesanpedro.com.ar\/sitio\/?p=110492"},"modified":"2022-09-09T10:17:47","modified_gmt":"2022-09-09T13:17:47","slug":"negaron-el-arresto-domiciliario-a-fernando-espindola","status":"publish","type":"post","link":"https:\/\/eldiariodesanpedro.com.ar\/sitio\/negaron-el-arresto-domiciliario-a-fernando-espindola\/","title":{"rendered":"Negaron el arresto domiciliario a Fernando Espindola"},"content":{"rendered":"<!-- VideographyWP Plugin Message: Automatic video embedding prevented by plugin options. -->\n\n<p>El juzgado interviniente as\u00ed lo dispuso y el dirigente de Camioneros continuar\u00e1 detenido en la Unidad Penal 3.<\/p>\n\n\n\n<p>El dirigente del sindicato de Camioneros, Fernando Espindola, continuar\u00e1 detenido en una celda de la Unidad Penal 3 de San Nicol\u00e1s luego de que el juzgado interviniente resolviera no hacer lugar al pedido que la defensa hab\u00eda realizado para que continuara el proceso bajo la figura del arresto domiciliario.<\/p>\n\n\n\n<p>Espindola y Maximiliano Cabaleyro est\u00e1n acusados de extorsionar y a los responsables de la firma Rey distribuci\u00f3n mediante el cobro de coimas.<\/p>\n\n\n\n<p><\/p>\n","protected":false},"excerpt":{"rendered":"<p>El juzgado interviniente as\u00ed lo dispuso y el dirigente de Camioneros continuar\u00e1 detenido en la Unidad Penal 3. El dirigente del sindicato de Camioneros, Fernando Espindola, continuar\u00e1 detenido en una celda de la Unidad Penal 3 de San Nicol\u00e1s luego de que el juzgado interviniente resolviera no hacer lugar al pedido que la defensa hab\u00eda [&hellip;]<\/p>\n","protected":false},"author":4,"featured_media":110493,"comment_status":"closed","ping_status":"closed","sticky":false,"template":"","format":"standard","meta":{"om_disable_all_campaigns":false,"_jetpack_memberships_contains_paid_content":false,"footnotes":""},"categories":[50,101,2],"tags":[197,696,33,19],"class_list":["post-110492","post","type-post","status-publish","format-standard","has-post-thumbnail","hentry","category-destacadas","category-interes-general-locales","category-locales","tag-buenos-aires","tag-interes-general","tag-locales","tag-san-pedro"],"aioseo_notices":[],"gutentor_comment":0,"jetpack_featured_media_url":"https:\/\/eldiariodesanpedro.com.ar\/sitio\/wp-content\/uploads\/2022\/09\/0000021218-resized-1920x1080-1.jpg","jetpack_shortlink":"https:\/\/wp.me\/p6RhLt-sK8","jetpack_sharing_enabled":true,"_links":{"self":[{"href":"https:\/\/eldiariodesanpedro.com.ar\/sitio\/wp-json\/wp\/v2\/posts\/110492","targetHints":{"allow":["GET"]}}],"collection":[{"href":"https:\/\/eldiariodesanpedro.com.ar\/sitio\/wp-json\/wp\/v2\/posts"}],"about":[{"href":"https:\/\/eldiariodesanpedro.com.ar\/sitio\/wp-json\/wp\/v2\/types\/post"}],"author":[{"embeddable":true,"href":"https:\/\/eldiariodesanpedro.com.ar\/sitio\/wp-json\/wp\/v2\/users\/4"}],"replies":[{"embeddable":true,"href":"https:\/\/eldiariodesanpedro.com.ar\/sitio\/wp-json\/wp\/v2\/comments?post=110492"}],"version-history":[{"count":1,"href":"https:\/\/eldiariodesanpedro.com.ar\/sitio\/wp-json\/wp\/v2\/posts\/110492\/revisions"}],"predecessor-version":[{"id":110494,"href":"https:\/\/eldiariodesanpedro.com.ar\/sitio\/wp-json\/wp\/v2\/posts\/110492\/revisions\/110494"}],"wp:featuredmedia":[{"embeddable":true,"href":"https:\/\/eldiariodesanpedro.com.ar\/sitio\/wp-json\/wp\/v2\/media\/110493"}],"wp:attachment":[{"href":"https:\/\/eldiariodesanpedro.com.ar\/sitio\/wp-json\/wp\/v2\/media?parent=110492"}],"wp:term":[{"taxonomy":"category","embeddable":true,"href":"https:\/\/eldiariodesanpedro.com.ar\/sitio\/wp-json\/wp\/v2\/categories?post=110492"},{"taxonomy":"post_tag","embeddable":true,"href":"https:\/\/eldiariodesanpedro.com.ar\/sitio\/wp-json\/wp\/v2\/tags?post=110492"}],"curies":[{"name":"wp","href":"https:\/\/api.w.org\/{rel}","templated":true}]}}