{"id":110489,"date":"2022-09-09T10:10:48","date_gmt":"2022-09-09T13:10:48","guid":{"rendered":"https:\/\/eldiariodesanpedro.com.ar\/sitio\/?p=110489"},"modified":"2022-09-09T10:10:49","modified_gmt":"2022-09-09T13:10:49","slug":"las-fiscalias-5-y-11-seran-trasladadas-a-su-nueva-sede-en-calle-belgrano","status":"publish","type":"post","link":"https:\/\/eldiariodesanpedro.com.ar\/sitio\/las-fiscalias-5-y-11-seran-trasladadas-a-su-nueva-sede-en-calle-belgrano\/","title":{"rendered":"Las fiscal\u00edas 5 y 11 ser\u00e1n trasladadas a su nueva sede en calle Belgrano"},"content":{"rendered":"<!-- VideographyWP Plugin Message: Automatic video embedding prevented by plugin options. -->\n\n<p>Finalmente el \u00c1rea de Planificaci\u00f3n Edilicia del Ministerio P\u00fablico Fiscal aprob\u00f3 la propuesta de la municipalidad y el edificio ubicado en Belgrano al 900 ser\u00e1 la nueva dependencia de los fiscales Marcelo Manso y Viviana Ramos.<\/p>\n\n\n\n<p>El edificio ubicado en Belgrano al 900, ser\u00e1 la nueva sede de las fiscal\u00edas 5 y 11. En las \u00faltimas horas los arquitectos pertenecientes al \u00c1rea de Planificaci\u00f3n Edilicia del Ministerio P\u00fablico Fiscal&nbsp;de la Provincia de Buenos Aires aprobaron la propuesta efectuada por el Secretario de Seguridad Diego Solanas y desde el primer d\u00eda del pr\u00f3ximo a\u00f1o ambas dependencias pertenecientes a los doctores Marcelo Manso y Viviana Ramos comenzar\u00e1n a funcionar all\u00ed, en pleno centro de la ciudad.<\/p>\n\n\n\n<p>Todo se precipit\u00f3 luego de que los actuales propietarios del edificio donde funcionan las fiscal\u00edas sobre calle Saavedra decidieran no renovar el contrato y lo pusieran a la venta; la familia Rodr\u00edguez, una vez cumplido el tiempo, decidi\u00f3 ampliar el contrato pero solo hasta fin de a\u00f1o para darle tiempo a la municipalidad de que consiga otra dependencia.<\/p>\n","protected":false},"excerpt":{"rendered":"<p>Finalmente el \u00c1rea de Planificaci\u00f3n Edilicia del Ministerio P\u00fablico Fiscal aprob\u00f3 la propuesta de la municipalidad y el edificio ubicado en Belgrano al 900 ser\u00e1 la nueva dependencia de los fiscales Marcelo Manso y Viviana Ramos. El edificio ubicado en Belgrano al 900, ser\u00e1 la nueva sede de las fiscal\u00edas 5 y 11. En las [&hellip;]<\/p>\n","protected":false},"author":4,"featured_media":110490,"comment_status":"closed","ping_status":"closed","sticky":false,"template":"","format":"standard","meta":{"om_disable_all_campaigns":false,"_jetpack_memberships_contains_paid_content":false,"footnotes":""},"categories":[50,101,2],"tags":[197,696,33,19],"class_list":["post-110489","post","type-post","status-publish","format-standard","has-post-thumbnail","hentry","category-destacadas","category-interes-general-locales","category-locales","tag-buenos-aires","tag-interes-general","tag-locales","tag-san-pedro"],"aioseo_notices":[],"gutentor_comment":0,"jetpack_featured_media_url":"https:\/\/eldiariodesanpedro.com.ar\/sitio\/wp-content\/uploads\/2022\/09\/0000021217-resized-1920x1080-1.jpg","jetpack_shortlink":"https:\/\/wp.me\/p6RhLt-sK5","jetpack_sharing_enabled":true,"_links":{"self":[{"href":"https:\/\/eldiariodesanpedro.com.ar\/sitio\/wp-json\/wp\/v2\/posts\/110489","targetHints":{"allow":["GET"]}}],"collection":[{"href":"https:\/\/eldiariodesanpedro.com.ar\/sitio\/wp-json\/wp\/v2\/posts"}],"about":[{"href":"https:\/\/eldiariodesanpedro.com.ar\/sitio\/wp-json\/wp\/v2\/types\/post"}],"author":[{"embeddable":true,"href":"https:\/\/eldiariodesanpedro.com.ar\/sitio\/wp-json\/wp\/v2\/users\/4"}],"replies":[{"embeddable":true,"href":"https:\/\/eldiariodesanpedro.com.ar\/sitio\/wp-json\/wp\/v2\/comments?post=110489"}],"version-history":[{"count":1,"href":"https:\/\/eldiariodesanpedro.com.ar\/sitio\/wp-json\/wp\/v2\/posts\/110489\/revisions"}],"predecessor-version":[{"id":110491,"href":"https:\/\/eldiariodesanpedro.com.ar\/sitio\/wp-json\/wp\/v2\/posts\/110489\/revisions\/110491"}],"wp:featuredmedia":[{"embeddable":true,"href":"https:\/\/eldiariodesanpedro.com.ar\/sitio\/wp-json\/wp\/v2\/media\/110490"}],"wp:attachment":[{"href":"https:\/\/eldiariodesanpedro.com.ar\/sitio\/wp-json\/wp\/v2\/media?parent=110489"}],"wp:term":[{"taxonomy":"category","embeddable":true,"href":"https:\/\/eldiariodesanpedro.com.ar\/sitio\/wp-json\/wp\/v2\/categories?post=110489"},{"taxonomy":"post_tag","embeddable":true,"href":"https:\/\/eldiariodesanpedro.com.ar\/sitio\/wp-json\/wp\/v2\/tags?post=110489"}],"curies":[{"name":"wp","href":"https:\/\/api.w.org\/{rel}","templated":true}]}}