{"id":110478,"date":"2022-09-08T11:22:54","date_gmt":"2022-09-08T14:22:54","guid":{"rendered":"https:\/\/eldiariodesanpedro.com.ar\/sitio\/?p=110478"},"modified":"2022-09-08T11:22:55","modified_gmt":"2022-09-08T14:22:55","slug":"se-recupero-un-telefono-en-rapido-accionar-tras-un-robo","status":"publish","type":"post","link":"https:\/\/eldiariodesanpedro.com.ar\/sitio\/se-recupero-un-telefono-en-rapido-accionar-tras-un-robo\/","title":{"rendered":"Se recuper\u00f3 un tel\u00e9fono en r\u00e1pido accionar tras un robo"},"content":{"rendered":"<!-- VideographyWP Plugin Message: Automatic video embedding prevented by plugin options. -->\n\n<p>En la tarde de ayer promediando las 18 horas, la polic\u00eda de San Pedro se hizo presente en calle Sargento Selada y Fray Cayetano Rodr\u00edguez, secuestr\u00f3 un tel\u00e9fono celular de marca Samsung modelo S20 sustra\u00eddo a una joven de 15 a\u00f1os de edad, la cual se encontraba junto a otro joven de 14 a\u00f1os a quien le sustrajeron su ri\u00f1onera con elementos personales.<\/p>\n\n\n\n<p>El hecho ocurri\u00f3 en la zona de Miguel Porta y San Lorenzo sobre la v\u00eda p\u00fablica, adem\u00e1s se secuestr\u00f3 vestimenta que llevaban los delincuentes colocados la cual fue descartada mientras fugaban.<\/p>\n","protected":false},"excerpt":{"rendered":"<p>En la tarde de ayer promediando las 18 horas, la polic\u00eda de San Pedro se hizo presente en calle Sargento Selada y Fray Cayetano Rodr\u00edguez, secuestr\u00f3 un tel\u00e9fono celular de marca Samsung modelo S20 sustra\u00eddo a una joven de 15 a\u00f1os de edad, la cual se encontraba junto a otro joven de 14 a\u00f1os a [&hellip;]<\/p>\n","protected":false},"author":4,"featured_media":110479,"comment_status":"closed","ping_status":"closed","sticky":false,"template":"","format":"standard","meta":{"om_disable_all_campaigns":false,"_jetpack_memberships_contains_paid_content":false,"footnotes":""},"categories":[2,103],"tags":[197,696,33,19],"class_list":["post-110478","post","type-post","status-publish","format-standard","has-post-thumbnail","hentry","category-locales","category-policiales-locales","tag-buenos-aires","tag-interes-general","tag-locales","tag-san-pedro"],"aioseo_notices":[],"gutentor_comment":0,"jetpack_featured_media_url":"https:\/\/eldiariodesanpedro.com.ar\/sitio\/wp-content\/uploads\/2022\/09\/medida-1.png","jetpack_shortlink":"https:\/\/wp.me\/p6RhLt-sJU","jetpack_sharing_enabled":true,"_links":{"self":[{"href":"https:\/\/eldiariodesanpedro.com.ar\/sitio\/wp-json\/wp\/v2\/posts\/110478","targetHints":{"allow":["GET"]}}],"collection":[{"href":"https:\/\/eldiariodesanpedro.com.ar\/sitio\/wp-json\/wp\/v2\/posts"}],"about":[{"href":"https:\/\/eldiariodesanpedro.com.ar\/sitio\/wp-json\/wp\/v2\/types\/post"}],"author":[{"embeddable":true,"href":"https:\/\/eldiariodesanpedro.com.ar\/sitio\/wp-json\/wp\/v2\/users\/4"}],"replies":[{"embeddable":true,"href":"https:\/\/eldiariodesanpedro.com.ar\/sitio\/wp-json\/wp\/v2\/comments?post=110478"}],"version-history":[{"count":1,"href":"https:\/\/eldiariodesanpedro.com.ar\/sitio\/wp-json\/wp\/v2\/posts\/110478\/revisions"}],"predecessor-version":[{"id":110480,"href":"https:\/\/eldiariodesanpedro.com.ar\/sitio\/wp-json\/wp\/v2\/posts\/110478\/revisions\/110480"}],"wp:featuredmedia":[{"embeddable":true,"href":"https:\/\/eldiariodesanpedro.com.ar\/sitio\/wp-json\/wp\/v2\/media\/110479"}],"wp:attachment":[{"href":"https:\/\/eldiariodesanpedro.com.ar\/sitio\/wp-json\/wp\/v2\/media?parent=110478"}],"wp:term":[{"taxonomy":"category","embeddable":true,"href":"https:\/\/eldiariodesanpedro.com.ar\/sitio\/wp-json\/wp\/v2\/categories?post=110478"},{"taxonomy":"post_tag","embeddable":true,"href":"https:\/\/eldiariodesanpedro.com.ar\/sitio\/wp-json\/wp\/v2\/tags?post=110478"}],"curies":[{"name":"wp","href":"https:\/\/api.w.org\/{rel}","templated":true}]}}