{"id":110476,"date":"2022-09-08T11:09:36","date_gmt":"2022-09-08T14:09:36","guid":{"rendered":"https:\/\/eldiariodesanpedro.com.ar\/sitio\/?p=110476"},"modified":"2022-09-08T11:09:37","modified_gmt":"2022-09-08T14:09:37","slug":"un-menor-le-clavo-una-jeringa-a-otra-dentro-de-una-escuela","status":"publish","type":"post","link":"https:\/\/eldiariodesanpedro.com.ar\/sitio\/un-menor-le-clavo-una-jeringa-a-otra-dentro-de-una-escuela\/","title":{"rendered":"Un menor le clavo una jeringa a otra dentro de una escuela"},"content":{"rendered":"<!-- VideographyWP Plugin Message: Automatic video embedding prevented by plugin options. -->\n\n<p>En la tarde de ayer siendo las 15 horas, denuncio una mujer de 41 a\u00f1os de edad que a su hijo de 14 a\u00f1os, momento en el cual se encontraba en el interior del Establecimiento Educativo, \u201cEscuela Industrial\u201d ubicada en Avenida 3 de Febrero y Uruguay de San Pedro, en horario del recreo otro joven de su misma edad lo pincha con una jeringa en su pierna derecha provoc\u00e1ndole lesiones de car\u00e1cter leve.<\/p>\n\n\n\n<p>Refiere conflicto inici\u00f3 porque su hijo d\u00edas atr\u00e1s da\u00f1o accidentalmente los auriculares del imputado.<\/p>\n\n\n\n<p>Interviene la fiscal\u00eda juvenil de San Nicol\u00e1s.-<\/p>\n","protected":false},"excerpt":{"rendered":"<p>En la tarde de ayer siendo las 15 horas, denuncio una mujer de 41 a\u00f1os de edad que a su hijo de 14 a\u00f1os, momento en el cual se encontraba en el interior del Establecimiento Educativo, \u201cEscuela Industrial\u201d ubicada en Avenida 3 de Febrero y Uruguay de San Pedro, en horario del recreo otro joven [&hellip;]<\/p>\n","protected":false},"author":4,"featured_media":8479,"comment_status":"closed","ping_status":"closed","sticky":false,"template":"","format":"standard","meta":{"om_disable_all_campaigns":false,"_jetpack_memberships_contains_paid_content":false,"footnotes":""},"categories":[2,103],"tags":[197,33,95,19],"class_list":["post-110476","post","type-post","status-publish","format-standard","has-post-thumbnail","hentry","category-locales","category-policiales-locales","tag-buenos-aires","tag-locales","tag-policiales","tag-san-pedro"],"aioseo_notices":[],"gutentor_comment":0,"jetpack_featured_media_url":"https:\/\/eldiariodesanpedro.com.ar\/sitio\/wp-content\/uploads\/2016\/09\/Escuela-Industrial-02.jpg","jetpack_shortlink":"https:\/\/wp.me\/p6RhLt-sJS","jetpack_sharing_enabled":true,"_links":{"self":[{"href":"https:\/\/eldiariodesanpedro.com.ar\/sitio\/wp-json\/wp\/v2\/posts\/110476","targetHints":{"allow":["GET"]}}],"collection":[{"href":"https:\/\/eldiariodesanpedro.com.ar\/sitio\/wp-json\/wp\/v2\/posts"}],"about":[{"href":"https:\/\/eldiariodesanpedro.com.ar\/sitio\/wp-json\/wp\/v2\/types\/post"}],"author":[{"embeddable":true,"href":"https:\/\/eldiariodesanpedro.com.ar\/sitio\/wp-json\/wp\/v2\/users\/4"}],"replies":[{"embeddable":true,"href":"https:\/\/eldiariodesanpedro.com.ar\/sitio\/wp-json\/wp\/v2\/comments?post=110476"}],"version-history":[{"count":1,"href":"https:\/\/eldiariodesanpedro.com.ar\/sitio\/wp-json\/wp\/v2\/posts\/110476\/revisions"}],"predecessor-version":[{"id":110477,"href":"https:\/\/eldiariodesanpedro.com.ar\/sitio\/wp-json\/wp\/v2\/posts\/110476\/revisions\/110477"}],"wp:featuredmedia":[{"embeddable":true,"href":"https:\/\/eldiariodesanpedro.com.ar\/sitio\/wp-json\/wp\/v2\/media\/8479"}],"wp:attachment":[{"href":"https:\/\/eldiariodesanpedro.com.ar\/sitio\/wp-json\/wp\/v2\/media?parent=110476"}],"wp:term":[{"taxonomy":"category","embeddable":true,"href":"https:\/\/eldiariodesanpedro.com.ar\/sitio\/wp-json\/wp\/v2\/categories?post=110476"},{"taxonomy":"post_tag","embeddable":true,"href":"https:\/\/eldiariodesanpedro.com.ar\/sitio\/wp-json\/wp\/v2\/tags?post=110476"}],"curies":[{"name":"wp","href":"https:\/\/api.w.org\/{rel}","templated":true}]}}