{"id":110465,"date":"2022-09-07T10:02:58","date_gmt":"2022-09-07T13:02:58","guid":{"rendered":"https:\/\/eldiariodesanpedro.com.ar\/sitio\/?p=110465"},"modified":"2022-09-07T10:03:00","modified_gmt":"2022-09-07T13:03:00","slug":"joven-aprehendido-tras-robar-unas-varillas-de-hierro","status":"publish","type":"post","link":"https:\/\/eldiariodesanpedro.com.ar\/sitio\/joven-aprehendido-tras-robar-unas-varillas-de-hierro\/","title":{"rendered":"Joven aprehendido tras robar unas varillas de hierro"},"content":{"rendered":"<!-- VideographyWP Plugin Message: Automatic video embedding prevented by plugin options. -->\n\n<p>En el d\u00eda de ayer, alrededor de las 11:30 hs. el personal policial de la comisar\u00eda de San Pedro en un r\u00e1pido accionar se hace presente en calle Manuel Iglesias al 1500 donde aprehende a un joven de 18 a\u00f1os quien momentos antes sustrae del interior de un domicilio sin causar da\u00f1os, seis varillas de hierro propiedad de una femenina de 43 a\u00f1os. \u00a0<\/p>\n","protected":false},"excerpt":{"rendered":"<p>En el d\u00eda de ayer, alrededor de las 11:30 hs. el personal policial de la comisar\u00eda de San Pedro en un r\u00e1pido accionar se hace presente en calle Manuel Iglesias al 1500 donde aprehende a un joven de 18 a\u00f1os quien momentos antes sustrae del interior de un domicilio sin causar da\u00f1os, seis varillas de [&hellip;]<\/p>\n","protected":false},"author":4,"featured_media":110466,"comment_status":"closed","ping_status":"closed","sticky":false,"template":"","format":"standard","meta":{"om_disable_all_campaigns":false,"_jetpack_memberships_contains_paid_content":false,"footnotes":""},"categories":[2,103],"tags":[197,33,95,19],"class_list":["post-110465","post","type-post","status-publish","format-standard","has-post-thumbnail","hentry","category-locales","category-policiales-locales","tag-buenos-aires","tag-locales","tag-policiales","tag-san-pedro"],"aioseo_notices":[],"gutentor_comment":0,"jetpack_featured_media_url":"https:\/\/eldiariodesanpedro.com.ar\/sitio\/wp-content\/uploads\/2022\/09\/1-1-1.png","jetpack_shortlink":"https:\/\/wp.me\/p6RhLt-sJH","jetpack_sharing_enabled":true,"_links":{"self":[{"href":"https:\/\/eldiariodesanpedro.com.ar\/sitio\/wp-json\/wp\/v2\/posts\/110465","targetHints":{"allow":["GET"]}}],"collection":[{"href":"https:\/\/eldiariodesanpedro.com.ar\/sitio\/wp-json\/wp\/v2\/posts"}],"about":[{"href":"https:\/\/eldiariodesanpedro.com.ar\/sitio\/wp-json\/wp\/v2\/types\/post"}],"author":[{"embeddable":true,"href":"https:\/\/eldiariodesanpedro.com.ar\/sitio\/wp-json\/wp\/v2\/users\/4"}],"replies":[{"embeddable":true,"href":"https:\/\/eldiariodesanpedro.com.ar\/sitio\/wp-json\/wp\/v2\/comments?post=110465"}],"version-history":[{"count":1,"href":"https:\/\/eldiariodesanpedro.com.ar\/sitio\/wp-json\/wp\/v2\/posts\/110465\/revisions"}],"predecessor-version":[{"id":110467,"href":"https:\/\/eldiariodesanpedro.com.ar\/sitio\/wp-json\/wp\/v2\/posts\/110465\/revisions\/110467"}],"wp:featuredmedia":[{"embeddable":true,"href":"https:\/\/eldiariodesanpedro.com.ar\/sitio\/wp-json\/wp\/v2\/media\/110466"}],"wp:attachment":[{"href":"https:\/\/eldiariodesanpedro.com.ar\/sitio\/wp-json\/wp\/v2\/media?parent=110465"}],"wp:term":[{"taxonomy":"category","embeddable":true,"href":"https:\/\/eldiariodesanpedro.com.ar\/sitio\/wp-json\/wp\/v2\/categories?post=110465"},{"taxonomy":"post_tag","embeddable":true,"href":"https:\/\/eldiariodesanpedro.com.ar\/sitio\/wp-json\/wp\/v2\/tags?post=110465"}],"curies":[{"name":"wp","href":"https:\/\/api.w.org\/{rel}","templated":true}]}}