{"id":110462,"date":"2022-09-07T09:40:38","date_gmt":"2022-09-07T12:40:38","guid":{"rendered":"https:\/\/eldiariodesanpedro.com.ar\/sitio\/?p=110462"},"modified":"2022-09-07T09:40:40","modified_gmt":"2022-09-07T12:40:40","slug":"continuidad-de-obras-apoyo-economico-y-refuerzos-en-seguridad-en-la-agenda-de-una-importante-reunion-con-el-gobernador","status":"publish","type":"post","link":"https:\/\/eldiariodesanpedro.com.ar\/sitio\/continuidad-de-obras-apoyo-economico-y-refuerzos-en-seguridad-en-la-agenda-de-una-importante-reunion-con-el-gobernador\/","title":{"rendered":"Continuidad de obras, apoyo econ\u00f3mico y refuerzos en seguridad en la agenda de una importante reuni\u00f3n con el Gobernador"},"content":{"rendered":"<!-- VideographyWP Plugin Message: Automatic video embedding prevented by plugin options. -->\n\n<p>El Intendente Dr. Ram\u00f3n Salazar particip\u00f3 este martes de una reuni\u00f3n con el Gobernador de la Provincia de Buenos Aires, Axel Kicillof, en Col\u00f3n Provincia de Buenos Aires, con intendentes, legisladores y dirigentes de la segunda secci\u00f3n electoral.<\/p>\n\n\n\n<p>El encuentro, que cont\u00f3 tambi\u00e9n con la participaci\u00f3n de Cecilio Salazar, como referente de la secci\u00f3n, permiti\u00f3 poner en debate temas trascendentes como la continuidad de las obras p\u00fablicas en ejecuci\u00f3n y las proyectadas, las cu\u00e1les son muy importantes para cada ciudad. Las variables inflacionarias que vienen generando solicitudes de rectificaciones, la necesidad de apoyo econ\u00f3mico para afrontar la coyuntura econ\u00f3mica actual y reabrir las paritarias municipales y el env\u00edo de mayor cantidad de m\u00f3viles para las fuerzas de seguridad tambi\u00e9n formaron parte de la charla.<\/p>\n\n\n\n<p>El Intendente Ram\u00f3n Salazar realiz\u00f3 una evaluaci\u00f3n muy positiva de la charla que ratifica el compromiso y la voluntad de todos los dirigentes que conforman el espacio para seguir mejorando las condiciones de sus comunidades en todos los aspectos.<\/p>\n\n\n\n<p><\/p>\n","protected":false},"excerpt":{"rendered":"<p>El Intendente Dr. Ram\u00f3n Salazar particip\u00f3 este martes de una reuni\u00f3n con el Gobernador de la Provincia de Buenos Aires, Axel Kicillof, en Col\u00f3n Provincia de Buenos Aires, con intendentes, legisladores y dirigentes de la segunda secci\u00f3n electoral. El encuentro, que cont\u00f3 tambi\u00e9n con la participaci\u00f3n de Cecilio Salazar, como referente de la secci\u00f3n, permiti\u00f3 [&hellip;]<\/p>\n","protected":false},"author":4,"featured_media":110463,"comment_status":"closed","ping_status":"closed","sticky":false,"template":"","format":"standard","meta":{"om_disable_all_campaigns":false,"_jetpack_memberships_contains_paid_content":false,"footnotes":""},"categories":[50,101,2],"tags":[197,696,33,19],"class_list":["post-110462","post","type-post","status-publish","format-standard","has-post-thumbnail","hentry","category-destacadas","category-interes-general-locales","category-locales","tag-buenos-aires","tag-interes-general","tag-locales","tag-san-pedro"],"aioseo_notices":[],"gutentor_comment":0,"jetpack_featured_media_url":"https:\/\/eldiariodesanpedro.com.ar\/sitio\/wp-content\/uploads\/2022\/09\/WhatsApp-Image-2022-09-06-at-22.20.46.jpeg","jetpack_shortlink":"https:\/\/wp.me\/p6RhLt-sJE","jetpack_sharing_enabled":true,"_links":{"self":[{"href":"https:\/\/eldiariodesanpedro.com.ar\/sitio\/wp-json\/wp\/v2\/posts\/110462","targetHints":{"allow":["GET"]}}],"collection":[{"href":"https:\/\/eldiariodesanpedro.com.ar\/sitio\/wp-json\/wp\/v2\/posts"}],"about":[{"href":"https:\/\/eldiariodesanpedro.com.ar\/sitio\/wp-json\/wp\/v2\/types\/post"}],"author":[{"embeddable":true,"href":"https:\/\/eldiariodesanpedro.com.ar\/sitio\/wp-json\/wp\/v2\/users\/4"}],"replies":[{"embeddable":true,"href":"https:\/\/eldiariodesanpedro.com.ar\/sitio\/wp-json\/wp\/v2\/comments?post=110462"}],"version-history":[{"count":1,"href":"https:\/\/eldiariodesanpedro.com.ar\/sitio\/wp-json\/wp\/v2\/posts\/110462\/revisions"}],"predecessor-version":[{"id":110464,"href":"https:\/\/eldiariodesanpedro.com.ar\/sitio\/wp-json\/wp\/v2\/posts\/110462\/revisions\/110464"}],"wp:featuredmedia":[{"embeddable":true,"href":"https:\/\/eldiariodesanpedro.com.ar\/sitio\/wp-json\/wp\/v2\/media\/110463"}],"wp:attachment":[{"href":"https:\/\/eldiariodesanpedro.com.ar\/sitio\/wp-json\/wp\/v2\/media?parent=110462"}],"wp:term":[{"taxonomy":"category","embeddable":true,"href":"https:\/\/eldiariodesanpedro.com.ar\/sitio\/wp-json\/wp\/v2\/categories?post=110462"},{"taxonomy":"post_tag","embeddable":true,"href":"https:\/\/eldiariodesanpedro.com.ar\/sitio\/wp-json\/wp\/v2\/tags?post=110462"}],"curies":[{"name":"wp","href":"https:\/\/api.w.org\/{rel}","templated":true}]}}