{"id":110452,"date":"2022-09-07T09:31:40","date_gmt":"2022-09-07T12:31:40","guid":{"rendered":"https:\/\/eldiariodesanpedro.com.ar\/sitio\/?p=110452"},"modified":"2022-09-07T09:31:42","modified_gmt":"2022-09-07T12:31:42","slug":"programa-de-concientizacion-vial-por-realidad-virtual","status":"publish","type":"post","link":"https:\/\/eldiariodesanpedro.com.ar\/sitio\/programa-de-concientizacion-vial-por-realidad-virtual\/","title":{"rendered":"Programa de concientizaci\u00f3n vial por realidad virtual"},"content":{"rendered":"<!-- VideographyWP Plugin Message: Automatic video embedding prevented by plugin options. -->\n\n<p>La Municipalidad de San Pedro, junto a Cooperaci\u00f3n Seguros llevar\u00e1n a cabo una campa\u00f1a de concientizaci\u00f3n vial en plaza Belgrano desde el martes 13 al jueves 15 de septiembre en el horario de 12 a 18.<\/p>\n\n\n\n<p>Durante las jornadas se dispondr\u00e1 el cami\u00f3n de la empresa, que viene recorriendo numerosas localidades del interior del pa\u00eds, con el objetivo de concientizar a los conductores a trav\u00e9s de una novedosa experiencia de Realidad Virtual.<\/p>\n\n\n\n<p>La campa\u00f1a se enfoca en personas de 15 a\u00f1os en adelante y tiene como finalidad simular a trav\u00e9s de videos cortos de realidad virtual la experiencia vivida por quien sufre un siniestro vial, generando una fuerte empat\u00eda con las vivencias de quienes protagonizan un accidente.<\/p>\n","protected":false},"excerpt":{"rendered":"<p>La Municipalidad de San Pedro, junto a Cooperaci\u00f3n Seguros llevar\u00e1n a cabo una campa\u00f1a de concientizaci\u00f3n vial en plaza Belgrano desde el martes 13 al jueves 15 de septiembre en el horario de 12 a 18. Durante las jornadas se dispondr\u00e1 el cami\u00f3n de la empresa, que viene recorriendo numerosas localidades del interior del pa\u00eds, [&hellip;]<\/p>\n","protected":false},"author":4,"featured_media":110453,"comment_status":"closed","ping_status":"closed","sticky":false,"template":"","format":"standard","meta":{"om_disable_all_campaigns":false,"_jetpack_memberships_contains_paid_content":false,"footnotes":""},"categories":[50,101,2],"tags":[197,696,33,19],"class_list":["post-110452","post","type-post","status-publish","format-standard","has-post-thumbnail","hentry","category-destacadas","category-interes-general-locales","category-locales","tag-buenos-aires","tag-interes-general","tag-locales","tag-san-pedro"],"aioseo_notices":[],"gutentor_comment":0,"jetpack_featured_media_url":"https:\/\/eldiariodesanpedro.com.ar\/sitio\/wp-content\/uploads\/2022\/09\/Captura-de-Pantalla-2019-06-14-a-las-13.03.10.jpg","jetpack_shortlink":"https:\/\/wp.me\/p6RhLt-sJu","jetpack_sharing_enabled":true,"_links":{"self":[{"href":"https:\/\/eldiariodesanpedro.com.ar\/sitio\/wp-json\/wp\/v2\/posts\/110452","targetHints":{"allow":["GET"]}}],"collection":[{"href":"https:\/\/eldiariodesanpedro.com.ar\/sitio\/wp-json\/wp\/v2\/posts"}],"about":[{"href":"https:\/\/eldiariodesanpedro.com.ar\/sitio\/wp-json\/wp\/v2\/types\/post"}],"author":[{"embeddable":true,"href":"https:\/\/eldiariodesanpedro.com.ar\/sitio\/wp-json\/wp\/v2\/users\/4"}],"replies":[{"embeddable":true,"href":"https:\/\/eldiariodesanpedro.com.ar\/sitio\/wp-json\/wp\/v2\/comments?post=110452"}],"version-history":[{"count":1,"href":"https:\/\/eldiariodesanpedro.com.ar\/sitio\/wp-json\/wp\/v2\/posts\/110452\/revisions"}],"predecessor-version":[{"id":110454,"href":"https:\/\/eldiariodesanpedro.com.ar\/sitio\/wp-json\/wp\/v2\/posts\/110452\/revisions\/110454"}],"wp:featuredmedia":[{"embeddable":true,"href":"https:\/\/eldiariodesanpedro.com.ar\/sitio\/wp-json\/wp\/v2\/media\/110453"}],"wp:attachment":[{"href":"https:\/\/eldiariodesanpedro.com.ar\/sitio\/wp-json\/wp\/v2\/media?parent=110452"}],"wp:term":[{"taxonomy":"category","embeddable":true,"href":"https:\/\/eldiariodesanpedro.com.ar\/sitio\/wp-json\/wp\/v2\/categories?post=110452"},{"taxonomy":"post_tag","embeddable":true,"href":"https:\/\/eldiariodesanpedro.com.ar\/sitio\/wp-json\/wp\/v2\/tags?post=110452"}],"curies":[{"name":"wp","href":"https:\/\/api.w.org\/{rel}","templated":true}]}}