{"id":110447,"date":"2022-09-07T09:03:59","date_gmt":"2022-09-07T12:03:59","guid":{"rendered":"https:\/\/eldiariodesanpedro.com.ar\/sitio\/?p=110447"},"modified":"2022-09-07T09:04:00","modified_gmt":"2022-09-07T12:04:00","slug":"con-mas-de-200-clasificados-se-define-la-etapa-regional-de-los-juegos-bonaerenses","status":"publish","type":"post","link":"https:\/\/eldiariodesanpedro.com.ar\/sitio\/con-mas-de-200-clasificados-se-define-la-etapa-regional-de-los-juegos-bonaerenses\/","title":{"rendered":"Con m\u00e1s de 200 clasificados se define la etapa regional de los Juegos Bonaerenses"},"content":{"rendered":"<!-- VideographyWP Plugin Message: Automatic video embedding prevented by plugin options. -->\n\n<p>Se desarrollan las \u00faltimas actividades de la etapa regional de los Juegos Bonaerenses para clasificar a la etapa final de la 31\u00b0 edici\u00f3n de los Juegos Bonaerenses 2022 que se llevar\u00e1 a cabo del 1 al 6 de octubre en la ciudad de Mar del Plata.<\/p>\n\n\n\n<p>Restan definir las clasificaciones que otorgar\u00e1n las disciplinas de Voleibol, f\u00fatbol PCD Y Beach Volley, Acuatl\u00f3n, F\u00fatbol Tenis y Pelota Paleta que se disputar\u00e1n en nuestra ciudad el viernes 9 de septiembre cuando se recibir\u00e1n deportistas de las ciudades de San Nicol\u00e1s, Ramallo, Baradero, Arrecifes, Salto, Capit\u00e1n Sarmiento, Col\u00f3n, Rojas y Pergamino.<\/p>\n\n\n\n<p>Entre los clasificados de los \u00faltimos d\u00edas, los equipos de Softbol de nuestra ciudad que participan del programa Escuelas Deportivas Municipales que se desarrolla en el Estadio Municipal, clasificaron los 6 equipos participantes para competir en Mar del Plata.<\/p>\n\n\n\n<p>A los clasificados de las disciplinas de ajedrez, h\u00e1ndbol, nataci\u00f3n, nataci\u00f3n PCD, b\u00e1squet 3&#215;3, f\u00fatbol 5, skate, softbol, bonaerense en carrera (resistencia en 10K ) y fustal se suman los equipos de Softbol Sub 14 femenino y masculino, Sub 16 femenino y masculino y Sub 18 Masculino y femenino; Atletismo PCD; Beach Voley Universitario; Atletismo categor\u00eda Sub 14 lanzamiento de bala, categor\u00eda Sub 18 salto triple, lanzamiento de disco y lanzamiento de bala; Atletismo sub 14 2000 metros y sub 16 con vallas.<\/p>\n\n\n\n<figure class=\"wp-block-image size-large\"><img decoding=\"async\" width=\"1024\" height=\"576\" data-attachment-id=\"110449\" data-permalink=\"https:\/\/eldiariodesanpedro.com.ar\/sitio\/con-mas-de-200-clasificados-se-define-la-etapa-regional-de-los-juegos-bonaerenses\/whatsapp-image-2022-09-06-at-12-22-33\/\" data-orig-file=\"https:\/\/eldiariodesanpedro.com.ar\/sitio\/wp-content\/uploads\/2022\/09\/WhatsApp-Image-2022-09-06-at-12.22.33.jpeg\" data-orig-size=\"1120,630\" data-comments-opened=\"0\" data-image-meta=\"{&quot;aperture&quot;:&quot;0&quot;,&quot;credit&quot;:&quot;&quot;,&quot;camera&quot;:&quot;&quot;,&quot;caption&quot;:&quot;&quot;,&quot;created_timestamp&quot;:&quot;0&quot;,&quot;copyright&quot;:&quot;&quot;,&quot;focal_length&quot;:&quot;0&quot;,&quot;iso&quot;:&quot;0&quot;,&quot;shutter_speed&quot;:&quot;0&quot;,&quot;title&quot;:&quot;&quot;,&quot;orientation&quot;:&quot;0&quot;}\" data-image-title=\"WhatsApp Image 2022-09-06 at 12.22.33\" data-image-description=\"\" data-image-caption=\"\" data-large-file=\"https:\/\/eldiariodesanpedro.com.ar\/sitio\/wp-content\/uploads\/2022\/09\/WhatsApp-Image-2022-09-06-at-12.22.33-1024x576.jpeg\" data-src=\"https:\/\/eldiariodesanpedro.com.ar\/sitio\/wp-content\/uploads\/2022\/09\/WhatsApp-Image-2022-09-06-at-12.22.33-1024x576.jpeg\" alt=\"\" class=\"wp-image-110449 lazyload\" data-srcset=\"https:\/\/eldiariodesanpedro.com.ar\/sitio\/wp-content\/uploads\/2022\/09\/WhatsApp-Image-2022-09-06-at-12.22.33-1024x576.jpeg 1024w, https:\/\/eldiariodesanpedro.com.ar\/sitio\/wp-content\/uploads\/2022\/09\/WhatsApp-Image-2022-09-06-at-12.22.33-300x169.jpeg 300w, https:\/\/eldiariodesanpedro.com.ar\/sitio\/wp-content\/uploads\/2022\/09\/WhatsApp-Image-2022-09-06-at-12.22.33-768x432.jpeg 768w, https:\/\/eldiariodesanpedro.com.ar\/sitio\/wp-content\/uploads\/2022\/09\/WhatsApp-Image-2022-09-06-at-12.22.33.jpeg 1120w\" data-sizes=\"(max-width: 1024px) 100vw, 1024px\" src=\"data:image\/svg+xml;base64,PHN2ZyB3aWR0aD0iMSIgaGVpZ2h0PSIxIiB4bWxucz0iaHR0cDovL3d3dy53My5vcmcvMjAwMC9zdmciPjwvc3ZnPg==\" style=\"--smush-placeholder-width: 1024px; --smush-placeholder-aspect-ratio: 1024\/576;\" \/><\/figure>\n","protected":false},"excerpt":{"rendered":"<p>Se desarrollan las \u00faltimas actividades de la etapa regional de los Juegos Bonaerenses para clasificar a la etapa final de la 31\u00b0 edici\u00f3n de los Juegos Bonaerenses 2022 que se llevar\u00e1 a cabo del 1 al 6 de octubre en la ciudad de Mar del Plata. Restan definir las clasificaciones que otorgar\u00e1n las disciplinas de [&hellip;]<\/p>\n","protected":false},"author":4,"featured_media":110448,"comment_status":"closed","ping_status":"closed","sticky":false,"template":"","format":"standard","meta":{"om_disable_all_campaigns":false,"_jetpack_memberships_contains_paid_content":false,"footnotes":""},"categories":[101,2],"tags":[197,696,33,19],"class_list":["post-110447","post","type-post","status-publish","format-standard","has-post-thumbnail","hentry","category-interes-general-locales","category-locales","tag-buenos-aires","tag-interes-general","tag-locales","tag-san-pedro"],"aioseo_notices":[],"gutentor_comment":0,"jetpack_featured_media_url":"https:\/\/eldiariodesanpedro.com.ar\/sitio\/wp-content\/uploads\/2022\/09\/WhatsApp-Image-2022-09-06-at-12.22.33-1.jpeg","jetpack_shortlink":"https:\/\/wp.me\/p6RhLt-sJp","jetpack_sharing_enabled":true,"_links":{"self":[{"href":"https:\/\/eldiariodesanpedro.com.ar\/sitio\/wp-json\/wp\/v2\/posts\/110447","targetHints":{"allow":["GET"]}}],"collection":[{"href":"https:\/\/eldiariodesanpedro.com.ar\/sitio\/wp-json\/wp\/v2\/posts"}],"about":[{"href":"https:\/\/eldiariodesanpedro.com.ar\/sitio\/wp-json\/wp\/v2\/types\/post"}],"author":[{"embeddable":true,"href":"https:\/\/eldiariodesanpedro.com.ar\/sitio\/wp-json\/wp\/v2\/users\/4"}],"replies":[{"embeddable":true,"href":"https:\/\/eldiariodesanpedro.com.ar\/sitio\/wp-json\/wp\/v2\/comments?post=110447"}],"version-history":[{"count":1,"href":"https:\/\/eldiariodesanpedro.com.ar\/sitio\/wp-json\/wp\/v2\/posts\/110447\/revisions"}],"predecessor-version":[{"id":110450,"href":"https:\/\/eldiariodesanpedro.com.ar\/sitio\/wp-json\/wp\/v2\/posts\/110447\/revisions\/110450"}],"wp:featuredmedia":[{"embeddable":true,"href":"https:\/\/eldiariodesanpedro.com.ar\/sitio\/wp-json\/wp\/v2\/media\/110448"}],"wp:attachment":[{"href":"https:\/\/eldiariodesanpedro.com.ar\/sitio\/wp-json\/wp\/v2\/media?parent=110447"}],"wp:term":[{"taxonomy":"category","embeddable":true,"href":"https:\/\/eldiariodesanpedro.com.ar\/sitio\/wp-json\/wp\/v2\/categories?post=110447"},{"taxonomy":"post_tag","embeddable":true,"href":"https:\/\/eldiariodesanpedro.com.ar\/sitio\/wp-json\/wp\/v2\/tags?post=110447"}],"curies":[{"name":"wp","href":"https:\/\/api.w.org\/{rel}","templated":true}]}}