{"id":110444,"date":"2022-09-07T08:59:41","date_gmt":"2022-09-07T11:59:41","guid":{"rendered":"https:\/\/eldiariodesanpedro.com.ar\/sitio\/?p=110444"},"modified":"2022-09-07T08:59:42","modified_gmt":"2022-09-07T11:59:42","slug":"becas-progresar-2022-como-saber-si-me-aprobaron-la-inscripcion","status":"publish","type":"post","link":"https:\/\/eldiariodesanpedro.com.ar\/sitio\/becas-progresar-2022-como-saber-si-me-aprobaron-la-inscripcion\/","title":{"rendered":"Becas Progresar 2022: \u00bfc\u00f3mo saber si me aprobaron la inscripci\u00f3n?"},"content":{"rendered":"<!-- VideographyWP Plugin Message: Automatic video embedding prevented by plugin options. -->\n\n<p>Luego de una semana de que haya finalizado la inscripci\u00f3n a las Becas Progresar, conoc\u00e9 c\u00f3mo conocer el estado de la solicitud.<\/p>\n\n\n\n<p>El pasado 31 de agosto finaliz\u00f3 la\u00a0inscripci\u00f3n\u00a0a la\u00a0segunda convocatoria del 2022\u00a0a las<strong>\u00a0Becas Progresar<\/strong>\u00a0para todas sus l\u00edneas de\u00a0becas. Con la misma, los y las j\u00f3venes se sumaron al beneficio que otorga la\u00a0ANSES\u00a0destinado a quienes deseen formarse profesionalmente o terminar el nivel obligatorio.<\/p>\n\n\n\n<p><strong>Las Becas Progresar est\u00e1n dirigidas a j\u00f3venes de entre 18 y 24 a\u00f1os que buscan formarse profesionalmente, finalizar su educaci\u00f3n obligatoria o estudiar una carrera de nivel superior<\/strong>\u00a0y desde este mes de septiembre, los beneficiarios\u00a0pasan de cobrar $6.400, como vienen percibieron hasta el mes pasado, a $7.400 en sus l\u00edneas, seg\u00fan inform\u00f3 el\u00a0Ministerio de Educaci\u00f3n\u00a0y la ANSES.<\/p>\n\n\n\n<h2 class=\"wp-block-heading\">Becas Progresar 2022: \u00bfc\u00f3mo saber si me aprobaron la inscripci\u00f3n?<\/h2>\n\n\n\n<p>Seg\u00fan se explic\u00f3, las personas que se anotaron conocer\u00e1n el resultado de su solicitud luego de que el Ministerio de Educaci\u00f3n y la\u00a0Administraci\u00f3n Nacional de la Seguridad Social (ANSES)\u00a0realicen la verificaci\u00f3n sobre su situaci\u00f3n acad\u00e9mica y socioecon\u00f3mica, por lo que los resultados de las Becas Progresar\u00a0<strong>se conocer\u00e1n dentro de los 60 d\u00edas h\u00e1biles tras el cierre de inscripci\u00f3n.<\/strong><\/p>\n\n\n\n<p>Ante la pregunta de c\u00f3mo conocer el estado de la solicitud, es importante saber que el mismo se conocer\u00e1 a trav\u00e9s de la\u00a0web oficial de las Becas Progresar\u00a0en Argentina.educaci\u00f3n.gob.ar, la misma en la que se complet\u00f3 el tr\u00e1mite. All\u00ed, figurar\u00e1 si contin\u00faa en evaluaci\u00f3n, fue aprobado o rechazado.<\/p>\n\n\n\n<p>Quienes hayan sido rechazados, sea por cuestiones acad\u00e9micas o por errores en los datos personales,&nbsp;<strong>deber\u00e1n realizar el reclamo correspondiente<\/strong>. Para esto, se debe ingresar a la web oficial del programa (argentina.gob.ar\/educacion\/progresar).<\/p>\n\n\n\n<h2 class=\"wp-block-heading\">Becas Progresar: \u00bfcu\u00e1les son las l\u00edneas disponibles?<\/h2>\n\n\n\n<p>Vale aclarar que actualmente hay cuatro l\u00edneas de las Becas Progresar:<\/p>\n\n\n\n<ul class=\"wp-block-list\"><li>&nbsp;<strong>Superior<\/strong>: para estudiantes universitarios y terciarios.<\/li><li>&nbsp;<strong>Obligatorio<\/strong>: para estudiantes que quieran finalizar la primeria o secundaria.<\/li><li>&nbsp;<strong>Enfermer\u00eda<\/strong>: becas para quienes deseen estudiar enfermer\u00eda.<\/li><li>&nbsp;<strong>Trabajo<\/strong>: becas para cursos de formaci\u00f3n profesional, la cual se encuentra abierta durante todo el a\u00f1o.<\/li><\/ul>\n\n\n\n<p><a href=\"https:\/\/media.infocielo.com\/p\/c603e4eefec4450c62b271468b8f4598\/adjuntos\/299\/imagenes\/001\/484\/0001484691\/887x0\/smart\/becas-progresar-aprender-estudios-ansespng.png\"><\/a><\/p>\n","protected":false},"excerpt":{"rendered":"<p>Luego de una semana de que haya finalizado la inscripci\u00f3n a las Becas Progresar, conoc\u00e9 c\u00f3mo conocer el estado de la solicitud. El pasado 31 de agosto finaliz\u00f3 la\u00a0inscripci\u00f3n\u00a0a la\u00a0segunda convocatoria del 2022\u00a0a las\u00a0Becas Progresar\u00a0para todas sus l\u00edneas de\u00a0becas. Con la misma, los y las j\u00f3venes se sumaron al beneficio que otorga la\u00a0ANSES\u00a0destinado a quienes [&hellip;]<\/p>\n","protected":false},"author":4,"featured_media":110445,"comment_status":"closed","ping_status":"closed","sticky":false,"template":"","format":"standard","meta":{"om_disable_all_campaigns":false,"_jetpack_memberships_contains_paid_content":false,"footnotes":""},"categories":[101,2],"tags":[197,696,33,19],"class_list":["post-110444","post","type-post","status-publish","format-standard","has-post-thumbnail","hentry","category-interes-general-locales","category-locales","tag-buenos-aires","tag-interes-general","tag-locales","tag-san-pedro"],"aioseo_notices":[],"gutentor_comment":0,"jetpack_featured_media_url":"https:\/\/eldiariodesanpedro.com.ar\/sitio\/wp-content\/uploads\/2022\/09\/PROGRESAR.jpg","jetpack_shortlink":"https:\/\/wp.me\/p6RhLt-sJm","jetpack_sharing_enabled":true,"_links":{"self":[{"href":"https:\/\/eldiariodesanpedro.com.ar\/sitio\/wp-json\/wp\/v2\/posts\/110444","targetHints":{"allow":["GET"]}}],"collection":[{"href":"https:\/\/eldiariodesanpedro.com.ar\/sitio\/wp-json\/wp\/v2\/posts"}],"about":[{"href":"https:\/\/eldiariodesanpedro.com.ar\/sitio\/wp-json\/wp\/v2\/types\/post"}],"author":[{"embeddable":true,"href":"https:\/\/eldiariodesanpedro.com.ar\/sitio\/wp-json\/wp\/v2\/users\/4"}],"replies":[{"embeddable":true,"href":"https:\/\/eldiariodesanpedro.com.ar\/sitio\/wp-json\/wp\/v2\/comments?post=110444"}],"version-history":[{"count":1,"href":"https:\/\/eldiariodesanpedro.com.ar\/sitio\/wp-json\/wp\/v2\/posts\/110444\/revisions"}],"predecessor-version":[{"id":110446,"href":"https:\/\/eldiariodesanpedro.com.ar\/sitio\/wp-json\/wp\/v2\/posts\/110444\/revisions\/110446"}],"wp:featuredmedia":[{"embeddable":true,"href":"https:\/\/eldiariodesanpedro.com.ar\/sitio\/wp-json\/wp\/v2\/media\/110445"}],"wp:attachment":[{"href":"https:\/\/eldiariodesanpedro.com.ar\/sitio\/wp-json\/wp\/v2\/media?parent=110444"}],"wp:term":[{"taxonomy":"category","embeddable":true,"href":"https:\/\/eldiariodesanpedro.com.ar\/sitio\/wp-json\/wp\/v2\/categories?post=110444"},{"taxonomy":"post_tag","embeddable":true,"href":"https:\/\/eldiariodesanpedro.com.ar\/sitio\/wp-json\/wp\/v2\/tags?post=110444"}],"curies":[{"name":"wp","href":"https:\/\/api.w.org\/{rel}","templated":true}]}}