{"id":110442,"date":"2022-09-07T08:56:13","date_gmt":"2022-09-07T11:56:13","guid":{"rendered":"https:\/\/eldiariodesanpedro.com.ar\/sitio\/?p=110442"},"modified":"2022-09-07T08:56:14","modified_gmt":"2022-09-07T11:56:14","slug":"anses-quienes-cobran-hoy-7-de-septiembre-jubilaciones-auh-suaf-aue","status":"publish","type":"post","link":"https:\/\/eldiariodesanpedro.com.ar\/sitio\/anses-quienes-cobran-hoy-7-de-septiembre-jubilaciones-auh-suaf-aue\/","title":{"rendered":"ANSES: qui\u00e9nes cobran hoy, 7 de septiembre, jubilaciones, AUH, SUAF, AUE"},"content":{"rendered":"<!-- VideographyWP Plugin Message: Automatic video embedding prevented by plugin options. -->\n\n<p>Comienza el calendario de pagos de ANSES correspondiente a este mes. Mir\u00e1 qui\u00e9nes cobran este mi\u00e9rcoles 7 de septiembre.<\/p>\n\n\n\n<p>La\u00a0<strong>Administraci\u00f3n Nacional de la Seguridad Social (ANSES)<\/strong>\u00a0comienza con su\u00a0calendario de pagos\u00a0correspondientes al mes de\u00a0septiembre de 2022. En el mismo, constan las fechas de cobro de\u00a0jubilaciones, pensiones, Asignaci\u00f3n Universal por Hijo (AUH), Asignaci\u00f3n Universal por Embarazo, Asignaciones Familiares, Pensiones No Contributivas y Programa d Desempleo 1, 2 y 3, entre otros beneficios del organismo previsional.<\/p>\n\n\n\n<h2 class=\"wp-block-heading\">\u00bfQui\u00e9nes cobran en ANSES este mi\u00e9rcoles 7 de septiembre?<\/h2>\n\n\n\n<p>Este d\u00eda h\u00e1bil de septiembre cobran los\u00a0<strong>beneficiarios y beneficiarias de Pensiones No Contributivas (PNC); Asignaciones Familiares de PNC; Plan Desempleo 2 y 3; y Asignaciones de pago \u00fanico.\u00a0<\/strong>Se trata del pago del haber correspondiente al mes en curso.<\/p>\n\n\n\n<h2 class=\"wp-block-heading\">Calendario de pagos ANSES: Pensiones No Contributivas (PNC)<\/h2>\n\n\n\n<ul class=\"wp-block-list\"><li><strong>DNI terminados en 8 y 9: mi\u00e9rcoles 7 de septiembre.<\/strong><\/li><\/ul>\n\n\n\n<h2 class=\"wp-block-heading\">Calendario de pagos ANSES: Desempleo Plan 2 y 3<\/h2>\n\n\n\n<ul class=\"wp-block-list\"><li>Todas las terminaciones del DNI cobrar\u00e1n&nbsp;<strong>desde el 6 de septiembre al 12 de septiembre.<\/strong><\/li><\/ul>\n\n\n\n<h2 class=\"wp-block-heading\">Calendario de pagos ANSES: Asignaciones Familiares de PNC<\/h2>\n\n\n\n<ul class=\"wp-block-list\"><li>Todas las terminaciones del DNI cobrar\u00e1n&nbsp;<strong>desde el 8 de agosto al 12 de septiembre.<\/strong><\/li><\/ul>\n\n\n\n<h2 class=\"wp-block-heading\">ANSES: Calendario de cobro de las Asignaciones de pago \u00fanico<\/h2>\n\n\n\n<p>Las asignaciones de pago \u00fanico tiene tres canales: matrimonio, adopci\u00f3n y nacimiento. Los beneficiarios con todas las terminaciones del DNI podr\u00e1n cobrarlo en la siguiente fecha:<\/p>\n\n\n\n<ul class=\"wp-block-list\"><li><strong>Primera quincena: 5 de septiembre al 12 de octubre.<\/strong><\/li><li>Segunda Quincena: 21 de septiembre al 12 de octubre.<\/li><\/ul>\n\n\n\n<p>La Administraci\u00f3n Nacional de la Seguridad Social (ANSES) record\u00f3 que,&nbsp;<strong>si bien no tienen que solicitar turno para cobrar este beneficio, deben acercarse a la entidad bancaria \u00fanicamente en la fecha asignada.<\/strong><\/p>\n\n\n\n<p>El resto de las prestaciones comenzar\u00e1 su calendario de pagos en los pr\u00f3ximos d\u00edas.<\/p>\n\n\n\n<p><a href=\"https:\/\/media.infocielo.com\/p\/06601764b25d1e64122dde49713cd365\/adjuntos\/299\/imagenes\/001\/490\/0001490527\/887x0\/smart\/anses-oficina-atencion-trabajadoresjpg.jpg\"><\/a><\/p>\n","protected":false},"excerpt":{"rendered":"<p>Comienza el calendario de pagos de ANSES correspondiente a este mes. Mir\u00e1 qui\u00e9nes cobran este mi\u00e9rcoles 7 de septiembre. La\u00a0Administraci\u00f3n Nacional de la Seguridad Social (ANSES)\u00a0comienza con su\u00a0calendario de pagos\u00a0correspondientes al mes de\u00a0septiembre de 2022. En el mismo, constan las fechas de cobro de\u00a0jubilaciones, pensiones, Asignaci\u00f3n Universal por Hijo (AUH), Asignaci\u00f3n Universal por Embarazo, Asignaciones [&hellip;]<\/p>\n","protected":false},"author":4,"featured_media":87491,"comment_status":"closed","ping_status":"closed","sticky":false,"template":"","format":"standard","meta":{"om_disable_all_campaigns":false,"_jetpack_memberships_contains_paid_content":false,"footnotes":""},"categories":[101,2],"tags":[197,696,33,19],"class_list":["post-110442","post","type-post","status-publish","format-standard","has-post-thumbnail","hentry","category-interes-general-locales","category-locales","tag-buenos-aires","tag-interes-general","tag-locales","tag-san-pedro"],"aioseo_notices":[],"gutentor_comment":0,"jetpack_featured_media_url":"https:\/\/eldiariodesanpedro.com.ar\/sitio\/wp-content\/uploads\/2021\/02\/anses-4.jpg","jetpack_shortlink":"https:\/\/wp.me\/p6RhLt-sJk","jetpack_sharing_enabled":true,"_links":{"self":[{"href":"https:\/\/eldiariodesanpedro.com.ar\/sitio\/wp-json\/wp\/v2\/posts\/110442","targetHints":{"allow":["GET"]}}],"collection":[{"href":"https:\/\/eldiariodesanpedro.com.ar\/sitio\/wp-json\/wp\/v2\/posts"}],"about":[{"href":"https:\/\/eldiariodesanpedro.com.ar\/sitio\/wp-json\/wp\/v2\/types\/post"}],"author":[{"embeddable":true,"href":"https:\/\/eldiariodesanpedro.com.ar\/sitio\/wp-json\/wp\/v2\/users\/4"}],"replies":[{"embeddable":true,"href":"https:\/\/eldiariodesanpedro.com.ar\/sitio\/wp-json\/wp\/v2\/comments?post=110442"}],"version-history":[{"count":1,"href":"https:\/\/eldiariodesanpedro.com.ar\/sitio\/wp-json\/wp\/v2\/posts\/110442\/revisions"}],"predecessor-version":[{"id":110443,"href":"https:\/\/eldiariodesanpedro.com.ar\/sitio\/wp-json\/wp\/v2\/posts\/110442\/revisions\/110443"}],"wp:featuredmedia":[{"embeddable":true,"href":"https:\/\/eldiariodesanpedro.com.ar\/sitio\/wp-json\/wp\/v2\/media\/87491"}],"wp:attachment":[{"href":"https:\/\/eldiariodesanpedro.com.ar\/sitio\/wp-json\/wp\/v2\/media?parent=110442"}],"wp:term":[{"taxonomy":"category","embeddable":true,"href":"https:\/\/eldiariodesanpedro.com.ar\/sitio\/wp-json\/wp\/v2\/categories?post=110442"},{"taxonomy":"post_tag","embeddable":true,"href":"https:\/\/eldiariodesanpedro.com.ar\/sitio\/wp-json\/wp\/v2\/tags?post=110442"}],"curies":[{"name":"wp","href":"https:\/\/api.w.org\/{rel}","templated":true}]}}