{"id":110440,"date":"2022-09-06T22:34:55","date_gmt":"2022-09-07T01:34:55","guid":{"rendered":"https:\/\/eldiariodesanpedro.com.ar\/sitio\/?p=110440"},"modified":"2022-09-06T22:34:56","modified_gmt":"2022-09-07T01:34:56","slug":"edicto-de-sucesion-de-delina-anita-piccagli","status":"publish","type":"post","link":"https:\/\/eldiariodesanpedro.com.ar\/sitio\/edicto-de-sucesion-de-delina-anita-piccagli\/","title":{"rendered":"Edicto de Sucesi\u00f3n de Delina Anita Piccagli"},"content":{"rendered":"<!-- VideographyWP Plugin Message: Automatic video embedding prevented by plugin options. -->\n\n<p>El Juzgado de Paz Letrado de la ciudad de San Pedro, Departamento Judicial de San Nicol\u00e1s, sito en calles Belgrano y Rivadavia, Pcia. de Buenos Aires cita y emplaza a todos los que se consideren con derecho a los bienes dejados por la causante <strong>Delina Anita Piccagli<\/strong> para que en el plazo de 30 d\u00edas contados a partir de la \u00faltima publicaci\u00f3n de Edictos \u2013 lo acrediten (arts.734 del CPCC), a fin de hacerlos valer en el proceso sucesorio caratulado: \u201c<strong>Piccagli Delina Anita S\/Sucesion Testamentaria<\/strong>\u201d Expte. SUC-587-21.- San Pedro, 31 de agosto de 2022.-<\/p>\n\n\n\n<p>FACUNDO VELL\u00d3N<br>ABOGADO SECRETARIO<\/p>\n\n\n\n<p>(Publicaci\u00f3n V\u00e1lida por los d\u00edas\u00a0 07, 08 Y 09 de septiembre de 2022)<br><a href=\"https:\/\/notificaciones.scba.gov.ar\/verificarnotificacion.aspx?codNotif=UZ682Y8A7ZE0\">https:\/\/notificaciones.scba.gov.ar\/verificarnotificacion.aspx?codNotif=UZ682Y8A7ZE0<\/a><\/p>\n","protected":false},"excerpt":{"rendered":"<p>El Juzgado de Paz Letrado de la ciudad de San Pedro, Departamento Judicial de San Nicol\u00e1s, sito en calles Belgrano y Rivadavia, Pcia. de Buenos Aires cita y emplaza a todos los que se consideren con derecho a los bienes dejados por la causante Delina Anita Piccagli para que en el plazo de 30 d\u00edas [&hellip;]<\/p>\n","protected":false},"author":4,"featured_media":102746,"comment_status":"closed","ping_status":"closed","sticky":false,"template":"","format":"standard","meta":{"om_disable_all_campaigns":false,"_jetpack_memberships_contains_paid_content":false,"footnotes":""},"categories":[676,677],"tags":[197,1121,3020,1355,19,1122],"class_list":["post-110440","post","type-post","status-publish","format-standard","has-post-thumbnail","hentry","category-edictos","category-edictos-sucesorios","tag-buenos-aires","tag-edicto","tag-edicto-de-sucesion-de-delina-anita-piccagli","tag-judiciales","tag-san-pedro","tag-sucesion"],"aioseo_notices":[],"gutentor_comment":0,"jetpack_featured_media_url":"https:\/\/eldiariodesanpedro.com.ar\/sitio\/wp-content\/uploads\/2022\/01\/EDICTO.jpg","jetpack_shortlink":"https:\/\/wp.me\/p6RhLt-sJi","jetpack_sharing_enabled":true,"_links":{"self":[{"href":"https:\/\/eldiariodesanpedro.com.ar\/sitio\/wp-json\/wp\/v2\/posts\/110440","targetHints":{"allow":["GET"]}}],"collection":[{"href":"https:\/\/eldiariodesanpedro.com.ar\/sitio\/wp-json\/wp\/v2\/posts"}],"about":[{"href":"https:\/\/eldiariodesanpedro.com.ar\/sitio\/wp-json\/wp\/v2\/types\/post"}],"author":[{"embeddable":true,"href":"https:\/\/eldiariodesanpedro.com.ar\/sitio\/wp-json\/wp\/v2\/users\/4"}],"replies":[{"embeddable":true,"href":"https:\/\/eldiariodesanpedro.com.ar\/sitio\/wp-json\/wp\/v2\/comments?post=110440"}],"version-history":[{"count":1,"href":"https:\/\/eldiariodesanpedro.com.ar\/sitio\/wp-json\/wp\/v2\/posts\/110440\/revisions"}],"predecessor-version":[{"id":110441,"href":"https:\/\/eldiariodesanpedro.com.ar\/sitio\/wp-json\/wp\/v2\/posts\/110440\/revisions\/110441"}],"wp:featuredmedia":[{"embeddable":true,"href":"https:\/\/eldiariodesanpedro.com.ar\/sitio\/wp-json\/wp\/v2\/media\/102746"}],"wp:attachment":[{"href":"https:\/\/eldiariodesanpedro.com.ar\/sitio\/wp-json\/wp\/v2\/media?parent=110440"}],"wp:term":[{"taxonomy":"category","embeddable":true,"href":"https:\/\/eldiariodesanpedro.com.ar\/sitio\/wp-json\/wp\/v2\/categories?post=110440"},{"taxonomy":"post_tag","embeddable":true,"href":"https:\/\/eldiariodesanpedro.com.ar\/sitio\/wp-json\/wp\/v2\/tags?post=110440"}],"curies":[{"name":"wp","href":"https:\/\/api.w.org\/{rel}","templated":true}]}}