{"id":110432,"date":"2022-09-06T22:01:10","date_gmt":"2022-09-07T01:01:10","guid":{"rendered":"https:\/\/eldiariodesanpedro.com.ar\/sitio\/?p=110432"},"modified":"2022-09-06T22:01:12","modified_gmt":"2022-09-07T01:01:12","slug":"edicto-de-sucesion-de-elda-rosalia-lieb","status":"publish","type":"post","link":"https:\/\/eldiariodesanpedro.com.ar\/sitio\/edicto-de-sucesion-de-elda-rosalia-lieb\/","title":{"rendered":"Edicto de Sucesi\u00f3n de Elda Rosal\u00eda Lieb"},"content":{"rendered":"<!-- VideographyWP Plugin Message: Automatic video embedding prevented by plugin options. -->\n\n<p>El Juzgado de Paz Letrado de San Pedro, Secretar\u00eda \u00danica del Departamento Judicial de San Nicol\u00e1s, cita y emplaza por 30 d\u00edas a herederos y acreedores de <strong>Elda Rosal\u00eda Lieb<\/strong>. San Pedro, 10 de agosto de 2022.-<\/p>\n\n\n\n<p>FACUNDO VELL\u00d3N<br>ABOGADO SECRETARIO<\/p>\n\n\n\n<p>(Publicaci\u00f3n V\u00e1lida por los d\u00edas&nbsp; 07, 08 Y 09 de septiembre de 2022)<a href=\"https:\/\/notificaciones.scba.gov.ar\/verificarnotificacion.aspx?codNotif=6RR7C0\">https:\/\/notificaciones.scba.gov.ar\/verificarnotificacion.aspx?codNotif=6RR7C0<\/a><\/p>\n","protected":false},"excerpt":{"rendered":"<p>El Juzgado de Paz Letrado de San Pedro, Secretar\u00eda \u00danica del Departamento Judicial de San Nicol\u00e1s, cita y emplaza por 30 d\u00edas a herederos y acreedores de Elda Rosal\u00eda Lieb. San Pedro, 10 de agosto de 2022.- FACUNDO VELL\u00d3NABOGADO SECRETARIO (Publicaci\u00f3n V\u00e1lida por los d\u00edas&nbsp; 07, 08 Y 09 de septiembre de 2022)https:\/\/notificaciones.scba.gov.ar\/verificarnotificacion.aspx?codNotif=6RR7C0<\/p>\n","protected":false},"author":4,"featured_media":102746,"comment_status":"closed","ping_status":"closed","sticky":false,"template":"","format":"standard","meta":{"om_disable_all_campaigns":false,"_jetpack_memberships_contains_paid_content":false,"footnotes":""},"categories":[676,677],"tags":[197,1121,3016,1355,33,19,1122],"class_list":["post-110432","post","type-post","status-publish","format-standard","has-post-thumbnail","hentry","category-edictos","category-edictos-sucesorios","tag-buenos-aires","tag-edicto","tag-edicto-de-sucesion-de-elda-rosalia-lieb","tag-judiciales","tag-locales","tag-san-pedro","tag-sucesion"],"aioseo_notices":[],"gutentor_comment":0,"jetpack_featured_media_url":"https:\/\/eldiariodesanpedro.com.ar\/sitio\/wp-content\/uploads\/2022\/01\/EDICTO.jpg","jetpack_shortlink":"https:\/\/wp.me\/p6RhLt-sJa","jetpack_sharing_enabled":true,"_links":{"self":[{"href":"https:\/\/eldiariodesanpedro.com.ar\/sitio\/wp-json\/wp\/v2\/posts\/110432","targetHints":{"allow":["GET"]}}],"collection":[{"href":"https:\/\/eldiariodesanpedro.com.ar\/sitio\/wp-json\/wp\/v2\/posts"}],"about":[{"href":"https:\/\/eldiariodesanpedro.com.ar\/sitio\/wp-json\/wp\/v2\/types\/post"}],"author":[{"embeddable":true,"href":"https:\/\/eldiariodesanpedro.com.ar\/sitio\/wp-json\/wp\/v2\/users\/4"}],"replies":[{"embeddable":true,"href":"https:\/\/eldiariodesanpedro.com.ar\/sitio\/wp-json\/wp\/v2\/comments?post=110432"}],"version-history":[{"count":1,"href":"https:\/\/eldiariodesanpedro.com.ar\/sitio\/wp-json\/wp\/v2\/posts\/110432\/revisions"}],"predecessor-version":[{"id":110433,"href":"https:\/\/eldiariodesanpedro.com.ar\/sitio\/wp-json\/wp\/v2\/posts\/110432\/revisions\/110433"}],"wp:featuredmedia":[{"embeddable":true,"href":"https:\/\/eldiariodesanpedro.com.ar\/sitio\/wp-json\/wp\/v2\/media\/102746"}],"wp:attachment":[{"href":"https:\/\/eldiariodesanpedro.com.ar\/sitio\/wp-json\/wp\/v2\/media?parent=110432"}],"wp:term":[{"taxonomy":"category","embeddable":true,"href":"https:\/\/eldiariodesanpedro.com.ar\/sitio\/wp-json\/wp\/v2\/categories?post=110432"},{"taxonomy":"post_tag","embeddable":true,"href":"https:\/\/eldiariodesanpedro.com.ar\/sitio\/wp-json\/wp\/v2\/tags?post=110432"}],"curies":[{"name":"wp","href":"https:\/\/api.w.org\/{rel}","templated":true}]}}