{"id":110428,"date":"2022-09-06T21:41:35","date_gmt":"2022-09-07T00:41:35","guid":{"rendered":"https:\/\/eldiariodesanpedro.com.ar\/sitio\/?p=110428"},"modified":"2022-09-06T21:41:38","modified_gmt":"2022-09-07T00:41:38","slug":"edicto-de-sucesion-de-peralta-ramon-julian","status":"publish","type":"post","link":"https:\/\/eldiariodesanpedro.com.ar\/sitio\/edicto-de-sucesion-de-peralta-ramon-julian\/","title":{"rendered":"Edicto de Sucesi\u00f3n de Peralta Ram\u00f3n Juli\u00e1n"},"content":{"rendered":"<!-- VideographyWP Plugin Message: Automatic video embedding prevented by plugin options. -->\n\n<p>El juzgado Civil y Comercial Nro. 2, Secretar\u00eda \u00fanica, del Dpto. judicial de San Nicol\u00e1s, cita y emplaza a todos los que se consideren con derecho a los bienes dejados por el Sr. <strong>Peralta Ram\u00f3n Juli\u00e1n<\/strong>, para que en el t\u00e9rmino de treinta d\u00edas lo acrediten (art. 734 del C.P.C.C.) San Nicol\u00e1s de de 2022.<\/p>\n\n\n\n<p>COLOMBO MARCELO <br>AUXILIAR LETRADO<\/p>\n\n\n\n<p>(Publicaci\u00f3n V\u00e1lida por los d\u00edas&nbsp; 07, 08 Y 09 de septiembre de 2022)<a href=\"https:\/\/notificaciones.scba.gov.ar\/verificarnotificacion.aspx?codNotif=PE0WU8\">https:\/\/notificaciones.scba.gov.ar\/verificarnotificacion.aspx?codNotif=PE0WU8<\/a><\/p>\n","protected":false},"excerpt":{"rendered":"<p>El juzgado Civil y Comercial Nro. 2, Secretar\u00eda \u00fanica, del Dpto. judicial de San Nicol\u00e1s, cita y emplaza a todos los que se consideren con derecho a los bienes dejados por el Sr. Peralta Ram\u00f3n Juli\u00e1n, para que en el t\u00e9rmino de treinta d\u00edas lo acrediten (art. 734 del C.P.C.C.) San Nicol\u00e1s de de 2022. [&hellip;]<\/p>\n","protected":false},"author":4,"featured_media":102746,"comment_status":"closed","ping_status":"closed","sticky":false,"template":"","format":"standard","meta":{"om_disable_all_campaigns":false,"_jetpack_memberships_contains_paid_content":false,"footnotes":""},"categories":[676,677],"tags":[197,1121,1355,19,1122],"class_list":["post-110428","post","type-post","status-publish","format-standard","has-post-thumbnail","hentry","category-edictos","category-edictos-sucesorios","tag-buenos-aires","tag-edicto","tag-judiciales","tag-san-pedro","tag-sucesion"],"aioseo_notices":[],"gutentor_comment":0,"jetpack_featured_media_url":"https:\/\/eldiariodesanpedro.com.ar\/sitio\/wp-content\/uploads\/2022\/01\/EDICTO.jpg","jetpack_shortlink":"https:\/\/wp.me\/p6RhLt-sJ6","jetpack_sharing_enabled":true,"_links":{"self":[{"href":"https:\/\/eldiariodesanpedro.com.ar\/sitio\/wp-json\/wp\/v2\/posts\/110428","targetHints":{"allow":["GET"]}}],"collection":[{"href":"https:\/\/eldiariodesanpedro.com.ar\/sitio\/wp-json\/wp\/v2\/posts"}],"about":[{"href":"https:\/\/eldiariodesanpedro.com.ar\/sitio\/wp-json\/wp\/v2\/types\/post"}],"author":[{"embeddable":true,"href":"https:\/\/eldiariodesanpedro.com.ar\/sitio\/wp-json\/wp\/v2\/users\/4"}],"replies":[{"embeddable":true,"href":"https:\/\/eldiariodesanpedro.com.ar\/sitio\/wp-json\/wp\/v2\/comments?post=110428"}],"version-history":[{"count":1,"href":"https:\/\/eldiariodesanpedro.com.ar\/sitio\/wp-json\/wp\/v2\/posts\/110428\/revisions"}],"predecessor-version":[{"id":110429,"href":"https:\/\/eldiariodesanpedro.com.ar\/sitio\/wp-json\/wp\/v2\/posts\/110428\/revisions\/110429"}],"wp:featuredmedia":[{"embeddable":true,"href":"https:\/\/eldiariodesanpedro.com.ar\/sitio\/wp-json\/wp\/v2\/media\/102746"}],"wp:attachment":[{"href":"https:\/\/eldiariodesanpedro.com.ar\/sitio\/wp-json\/wp\/v2\/media?parent=110428"}],"wp:term":[{"taxonomy":"category","embeddable":true,"href":"https:\/\/eldiariodesanpedro.com.ar\/sitio\/wp-json\/wp\/v2\/categories?post=110428"},{"taxonomy":"post_tag","embeddable":true,"href":"https:\/\/eldiariodesanpedro.com.ar\/sitio\/wp-json\/wp\/v2\/tags?post=110428"}],"curies":[{"name":"wp","href":"https:\/\/api.w.org\/{rel}","templated":true}]}}