{"id":110411,"date":"2022-09-06T15:47:43","date_gmt":"2022-09-06T18:47:43","guid":{"rendered":"https:\/\/eldiariodesanpedro.com.ar\/sitio\/?p=110411"},"modified":"2022-09-06T15:47:44","modified_gmt":"2022-09-06T18:47:44","slug":"importante-encuentro-entre-jose-voytenco-y-cecilio-salazar","status":"publish","type":"post","link":"https:\/\/eldiariodesanpedro.com.ar\/sitio\/importante-encuentro-entre-jose-voytenco-y-cecilio-salazar\/","title":{"rendered":"Importante encuentro entre Jos\u00e9 Voytenco y Cecilio Salazar"},"content":{"rendered":"<!-- VideographyWP Plugin Message: Automatic video embedding prevented by plugin options. -->\n\n<p>El actual Secretario General de la UATRE y el ex Vicepresidente de OSPRERA, junto a la Diputada Natalia S\u00e1nchez J\u00e1uregui, se reunieron para dialogar sobre la preocupante situaci\u00f3n institucional que atraviesa la obra social.<\/p>\n\n\n\n<p>El Secretario Gral de la Uatre, Jos\u00e9 Voytenco, y el ex Vicepresidente de Osprera, Cecilio Salazar, mantuvieron un importante encuentro del que tambi\u00e9n fue parte la&nbsp;Diputada Natalia S\u00e1nchez J\u00e1uregui.<\/p>\n\n\n\n<p>Sobre la reuni\u00f3n, el propio Salazar manifest\u00f3: \u00abEn el d\u00eda de la fecha junto a la compa\u00f1era Diputada Pcial Natalia Sanchez Jauregui nos entrevistamos con nuestro Secretario Gral de UATRE compa\u00f1ero JOS\u00c9 VOYTENCO con quien mantuvimos una cordial reuni\u00f3n. Tuvimos la oportunidad de plantearle una de nuestras mayores preocupaciones que es la marcha err\u00e1tica de nuestra querida OSPRERA. A\u00fan sabiendo que el se encuentra en una total minor\u00eda dentro del Consejo Directivo de la misma, tom\u00f3 el compromiso de ocuparse y de realizar el esfuerzo que sea necesario a los efectos de que nuestros y nuestras beneficiarias obtengan los beneficios que por ley le corresponde, como por ejemplo la provisi\u00f3n de remedios oncol\u00f3gicos, HIV etc, como as\u00ed tambi\u00e9n restablecer el servicio m\u00e9dico de primer, segundo y tercer nivel suspendidos en muchas pcias del pa\u00eds.&nbsp;Siempre teniendo en cuenta que se encuentra en franca minor\u00eda en el Consejo Directivo de OSPRERA le solicitamos que plantee la necesidad de que la mayor\u00eda del mismo cese con las persecuciones y despidos arbitrarios e injustos de gran cantidad de compa\u00f1eras y compa\u00f1eros que el \u00fanico pecado que han cometido es trabajar,&nbsp;trabajar y trabajar en beneficio de miles de trabajadores y trabajadoras rurales como ped\u00edan los compa\u00f1eros Ger\u00f3nimo Venegas y Ram\u00f3n Ayala y tantos otros compa\u00f1eros que hoy ya no est\u00e1n con nosotros lamentablemente. Nuestro compromiso de militar con todo el esfuerzo que sea necesario para recuperar UNA UATRE UNIDA, SOLIDARIA, RESPONSABLE Y FEDERAL. Nos ver\u00e1n volver para apoyar a nuestro Secretario Gral Jos\u00e9 Voytenco y a miles y miles de beneficiarios de OSPRERA que hoy no tienen voz\u00bb.<\/p>\n","protected":false},"excerpt":{"rendered":"<p>El actual Secretario General de la UATRE y el ex Vicepresidente de OSPRERA, junto a la Diputada Natalia S\u00e1nchez J\u00e1uregui, se reunieron para dialogar sobre la preocupante situaci\u00f3n institucional que atraviesa la obra social. El Secretario Gral de la Uatre, Jos\u00e9 Voytenco, y el ex Vicepresidente de Osprera, Cecilio Salazar, mantuvieron un importante encuentro del [&hellip;]<\/p>\n","protected":false},"author":4,"featured_media":110412,"comment_status":"closed","ping_status":"closed","sticky":false,"template":"","format":"standard","meta":{"om_disable_all_campaigns":false,"_jetpack_memberships_contains_paid_content":false,"footnotes":""},"categories":[50,101,2],"tags":[197,696,33,19],"class_list":["post-110411","post","type-post","status-publish","format-standard","has-post-thumbnail","hentry","category-destacadas","category-interes-general-locales","category-locales","tag-buenos-aires","tag-interes-general","tag-locales","tag-san-pedro"],"aioseo_notices":[],"gutentor_comment":0,"jetpack_featured_media_url":"https:\/\/eldiariodesanpedro.com.ar\/sitio\/wp-content\/uploads\/2022\/09\/0000021212-resized-1920x1080-1.jpg","jetpack_shortlink":"https:\/\/wp.me\/p6RhLt-sIP","jetpack_sharing_enabled":true,"_links":{"self":[{"href":"https:\/\/eldiariodesanpedro.com.ar\/sitio\/wp-json\/wp\/v2\/posts\/110411","targetHints":{"allow":["GET"]}}],"collection":[{"href":"https:\/\/eldiariodesanpedro.com.ar\/sitio\/wp-json\/wp\/v2\/posts"}],"about":[{"href":"https:\/\/eldiariodesanpedro.com.ar\/sitio\/wp-json\/wp\/v2\/types\/post"}],"author":[{"embeddable":true,"href":"https:\/\/eldiariodesanpedro.com.ar\/sitio\/wp-json\/wp\/v2\/users\/4"}],"replies":[{"embeddable":true,"href":"https:\/\/eldiariodesanpedro.com.ar\/sitio\/wp-json\/wp\/v2\/comments?post=110411"}],"version-history":[{"count":1,"href":"https:\/\/eldiariodesanpedro.com.ar\/sitio\/wp-json\/wp\/v2\/posts\/110411\/revisions"}],"predecessor-version":[{"id":110413,"href":"https:\/\/eldiariodesanpedro.com.ar\/sitio\/wp-json\/wp\/v2\/posts\/110411\/revisions\/110413"}],"wp:featuredmedia":[{"embeddable":true,"href":"https:\/\/eldiariodesanpedro.com.ar\/sitio\/wp-json\/wp\/v2\/media\/110412"}],"wp:attachment":[{"href":"https:\/\/eldiariodesanpedro.com.ar\/sitio\/wp-json\/wp\/v2\/media?parent=110411"}],"wp:term":[{"taxonomy":"category","embeddable":true,"href":"https:\/\/eldiariodesanpedro.com.ar\/sitio\/wp-json\/wp\/v2\/categories?post=110411"},{"taxonomy":"post_tag","embeddable":true,"href":"https:\/\/eldiariodesanpedro.com.ar\/sitio\/wp-json\/wp\/v2\/tags?post=110411"}],"curies":[{"name":"wp","href":"https:\/\/api.w.org\/{rel}","templated":true}]}}