{"id":110408,"date":"2022-09-06T15:42:06","date_gmt":"2022-09-06T18:42:06","guid":{"rendered":"https:\/\/eldiariodesanpedro.com.ar\/sitio\/?p=110408"},"modified":"2022-09-06T15:42:07","modified_gmt":"2022-09-06T18:42:07","slug":"el-cura-tulio-mattiussi-seguira-con-prision-domiciliaria","status":"publish","type":"post","link":"https:\/\/eldiariodesanpedro.com.ar\/sitio\/el-cura-tulio-mattiussi-seguira-con-prision-domiciliaria\/","title":{"rendered":"El cura Tulio Mattiussi seguir\u00e1 con prisi\u00f3n domiciliaria"},"content":{"rendered":"<!-- VideographyWP Plugin Message: Automatic video embedding prevented by plugin options. -->\n\n<p>Mientras analiza el fallo condenatorio contra el sacerdote Tulio Mattiussi y el portero Anselmo Ojeda por los abusos en el Jard\u00edn Bel\u00e9n de San Pedro, el Tribunal de Casaci\u00f3n decidi\u00f3 que el cura permanezca en calidad de detenido bajo el beneficio de arresto domiciliario.<\/p>\n\n\n\n<p>Los jueces de la sala 1 de Casaci\u00f3n rechazaron un h\u00e1beas corpus presentado por la defensa del cura mediante el cual solicitaba que el condenado en primera instancia a 15 a\u00f1os de prisi\u00f3n por el delito de \u201cAbuso sexual simple agravado\u201d, atraviese el proceso que resta en libertad, hasta la definici\u00f3n de ese fallo.<\/p>\n\n\n\n<p>El Tribunal de alzada, que debe resolver si deja firme, revoca o modifica la condena que pesa sobre Mattiussi y Ojeda, no acept\u00f3 que el religioso permanezca en libertad mientras se sustancia ese proceso, por lo que continuar\u00e1 detenido con prisi\u00f3n domiciliaria y pulsera electr\u00f3nica.<\/p>\n\n\n\n<p>El sacerdote y el portero fueron condenados en primera instancia en mayo pasado, tras un juicio en el que el Tribunal Oral en lo Criminal N\u00ba 2 de San Nicol\u00e1s, los consider\u00f3 culpables del delito de \u201cAbuso sexual simple agravado\u201d, mientras que absolvi\u00f3, por el beneficio de la duda, a la preceptora Mar\u00eda Luj\u00e1n Rub\u00edes.<\/p>\n\n\n\n<p>Fuente: Diario El Informante<\/p>\n","protected":false},"excerpt":{"rendered":"<p>Mientras analiza el fallo condenatorio contra el sacerdote Tulio Mattiussi y el portero Anselmo Ojeda por los abusos en el Jard\u00edn Bel\u00e9n de San Pedro, el Tribunal de Casaci\u00f3n decidi\u00f3 que el cura permanezca en calidad de detenido bajo el beneficio de arresto domiciliario. Los jueces de la sala 1 de Casaci\u00f3n rechazaron un h\u00e1beas [&hellip;]<\/p>\n","protected":false},"author":4,"featured_media":110409,"comment_status":"closed","ping_status":"closed","sticky":false,"template":"","format":"standard","meta":{"om_disable_all_campaigns":false,"_jetpack_memberships_contains_paid_content":false,"footnotes":""},"categories":[50,101,2],"tags":[197,696,33,19],"class_list":["post-110408","post","type-post","status-publish","format-standard","has-post-thumbnail","hentry","category-destacadas","category-interes-general-locales","category-locales","tag-buenos-aires","tag-interes-general","tag-locales","tag-san-pedro"],"aioseo_notices":[],"gutentor_comment":0,"jetpack_featured_media_url":"https:\/\/eldiariodesanpedro.com.ar\/sitio\/wp-content\/uploads\/2022\/09\/arton174154.jpg","jetpack_shortlink":"https:\/\/wp.me\/p6RhLt-sIM","jetpack_sharing_enabled":true,"_links":{"self":[{"href":"https:\/\/eldiariodesanpedro.com.ar\/sitio\/wp-json\/wp\/v2\/posts\/110408","targetHints":{"allow":["GET"]}}],"collection":[{"href":"https:\/\/eldiariodesanpedro.com.ar\/sitio\/wp-json\/wp\/v2\/posts"}],"about":[{"href":"https:\/\/eldiariodesanpedro.com.ar\/sitio\/wp-json\/wp\/v2\/types\/post"}],"author":[{"embeddable":true,"href":"https:\/\/eldiariodesanpedro.com.ar\/sitio\/wp-json\/wp\/v2\/users\/4"}],"replies":[{"embeddable":true,"href":"https:\/\/eldiariodesanpedro.com.ar\/sitio\/wp-json\/wp\/v2\/comments?post=110408"}],"version-history":[{"count":1,"href":"https:\/\/eldiariodesanpedro.com.ar\/sitio\/wp-json\/wp\/v2\/posts\/110408\/revisions"}],"predecessor-version":[{"id":110410,"href":"https:\/\/eldiariodesanpedro.com.ar\/sitio\/wp-json\/wp\/v2\/posts\/110408\/revisions\/110410"}],"wp:featuredmedia":[{"embeddable":true,"href":"https:\/\/eldiariodesanpedro.com.ar\/sitio\/wp-json\/wp\/v2\/media\/110409"}],"wp:attachment":[{"href":"https:\/\/eldiariodesanpedro.com.ar\/sitio\/wp-json\/wp\/v2\/media?parent=110408"}],"wp:term":[{"taxonomy":"category","embeddable":true,"href":"https:\/\/eldiariodesanpedro.com.ar\/sitio\/wp-json\/wp\/v2\/categories?post=110408"},{"taxonomy":"post_tag","embeddable":true,"href":"https:\/\/eldiariodesanpedro.com.ar\/sitio\/wp-json\/wp\/v2\/tags?post=110408"}],"curies":[{"name":"wp","href":"https:\/\/api.w.org\/{rel}","templated":true}]}}